{"id":4371,"date":"2024-06-21T06:00:00","date_gmt":"2024-06-21T04:00:00","guid":{"rendered":"https:\/\/invest-in-niederrhein.de\/?p=4371"},"modified":"2024-06-18T13:47:08","modified_gmt":"2024-06-18T11:47:08","slug":"spannende-programmpunkte-am-tag-der-offenen-tuer-der-hochschule-rhein-waal","status":"publish","type":"post","link":"https:\/\/standort-niederrhein.de\/en\/2024\/06\/21\/spannende-programmpunkte-am-tag-der-offenen-tuer-der-hochschule-rhein-waal\/","title":{"rendered":"Spannende Programmpunkte am Tag der offenen T\u00fcr der Hochschule Rhein-Waal"},"content":{"rendered":"\n<p><strong>Kamp-Lintfort.<\/strong> Die Fakult\u00e4t Kommunikation und Umwelt der Hochschule Rhein-Waal lud alle Studieninteressierten und Wissbegierigen zum Tag der offenen T\u00fcr ein. Das abwechslungsreiche, informative Programm und die zahlreichen Mitmachaktionen lockten zahlreiche Besucher*innen auf den Campus in Kamp-Lintfort.<\/p>\n\n\n\n<p>Besucher*innen hatten die M\u00f6glichkeit, in die Geheimnisse des Darknets einzutauchen und zu erfahren, wie gef\u00e4hrliche Hackerangriffe abgewehrt und sensible Daten vor Cyberkriminellen gesch\u00fctzt werden k\u00f6nnen. Besonders gut besucht waren auch die Einblicke in die Radioastronomie oder die Alterssimulation, bei der man \u2013 ausgestattet mit schweren Manschetten, unscharfem Blick und schlechterem Geh\u00f6r \u2013 f\u00fchlen konnte, welche k\u00f6rperlichen Auswirkungen das Alter mit sich bringen kann.<\/p>\n\n\n\n<p>Viele Studieninteressierte nutzten au\u00dferdem die Gelegenheit, sich intensiv \u00fcber die Studienm\u00f6glichkeiten an der Hochschule zu informieren und ihre Fragen direkt an die Professor*innen der einzelnen Studieng\u00e4nge zu richten. Diese standen den ganzen Tag \u00fcber f\u00fcr Gespr\u00e4che zur Verf\u00fcgung und boten einen guten Einblick in die Praxis der einzelnen Studieng\u00e4nge und deren innovative Forschungs- und Studierendenprojekte.<\/p>\n\n\n\n<p>Der Dekan der Fakult\u00e4t Kommunikation und Umwelt, Prof. Dr. Klaus Hegemann, betont: \u201eDie Fakult\u00e4t ist mit der Resonanz sehr zufrieden. Wir konnten an dem Tag nicht nur Einblicke in unsere Forschung geben, sondern auch mit Studieninteressierten ins Gespr\u00e4ch kommen. Die Atmosph\u00e4re am Kamp-Lintforter Campus ist eine ganz besondere und das breit gef\u00e4cherte Studienangebot kommt gut an.\u201c<\/p>\n\n\n\n<p>Begeistert zeigten sich die Besucher*innen von der internationalen und zugleich famili\u00e4ren Atmosph\u00e4re der Hochschule. F\u00fcr gute Stimmung sorgten au\u00dferdem die Auftritte der Hochschulband, die selbstgebauten Computerspiele und nicht zuletzt der strahlende Sonnenschein.<\/p>\n\n\n\n<p>Quelle: <a href=\"http:\/\/www.hochschule-rhein-waal.de\">Hochschule Rhein-Waal<\/a><\/p>\n","protected":false},"excerpt":{"rendered":"<p>Kamp-Lintfort. Die Fakult\u00e4t Kommunikation und Umwelt der Hochschule Rhein-Waal lud alle Studieninteressierten und Wissbegierigen zum Tag der offenen T\u00fcr ein. Das abwechslungsreiche, informative Programm und die zahlreichen Mitmachaktionen lockten zahlreiche Besucher*innen auf den Campus in Kamp-Lintfort. Besucher*innen hatten die M\u00f6glichkeit, in die Geheimnisse des Darknets einzutauchen und zu erfahren, wie gef\u00e4hrliche Hackerangriffe abgewehrt und sensible [&hellip;]<\/p>\n","protected":false},"author":3,"featured_media":0,"comment_status":"closed","ping_status":"closed","sticky":false,"template":"","format":"standard","meta":{"_et_pb_use_builder":"","_et_pb_old_content":"","_et_gb_content_width":"","footnotes":""},"categories":[1],"tags":[],"class_list":["post-4371","post","type-post","status-publish","format-standard","hentry","category-allgemein"],"_links":{"self":[{"href":"https:\/\/standort-niederrhein.de\/en\/wp-json\/wp\/v2\/posts\/4371","targetHints":{"allow":["GET"]}}],"collection":[{"href":"https:\/\/standort-niederrhein.de\/en\/wp-json\/wp\/v2\/posts"}],"about":[{"href":"https:\/\/standort-niederrhein.de\/en\/wp-json\/wp\/v2\/types\/post"}],"author":[{"embeddable":true,"href":"https:\/\/standort-niederrhein.de\/en\/wp-json\/wp\/v2\/users\/3"}],"replies":[{"embeddable":true,"href":"https:\/\/standort-niederrhein.de\/en\/wp-json\/wp\/v2\/comments?post=4371"}],"version-history":[{"count":1,"href":"https:\/\/standort-niederrhein.de\/en\/wp-json\/wp\/v2\/posts\/4371\/revisions"}],"predecessor-version":[{"id":4372,"href":"https:\/\/standort-niederrhein.de\/en\/wp-json\/wp\/v2\/posts\/4371\/revisions\/4372"}],"wp:attachment":[{"href":"https:\/\/standort-niederrhein.de\/en\/wp-json\/wp\/v2\/media?parent=4371"}],"wp:term":[{"taxonomy":"category","embeddable":true,"href":"https:\/\/standort-niederrhein.de\/en\/wp-json\/wp\/v2\/categories?post=4371"},{"taxonomy":"post_tag","embeddable":true,"href":"https:\/\/standort-niederrhein.de\/en\/wp-json\/wp\/v2\/tags?post=4371"}],"curies":[{"name":"wp","href":"https:\/\/api.w.org\/{rel}","templated":true}]}}