{"id":4330,"date":"2024-06-09T06:00:00","date_gmt":"2024-06-09T04:00:00","guid":{"rendered":"https:\/\/invest-in-niederrhein.de\/?p=4330"},"modified":"2024-06-07T12:34:01","modified_gmt":"2024-06-07T10:34:01","slug":"millionen-investition-in-neusser-speira-werk","status":"publish","type":"post","link":"https:\/\/standort-niederrhein.de\/en\/2024\/06\/09\/millionen-investition-in-neusser-speira-werk\/","title":{"rendered":"Millionen-Investition in Neusser Speira-Werk"},"content":{"rendered":"\n<p><strong>Rhein-Kreis Neuss.<\/strong> Die von Speira angek\u00fcndigte 40-Millionen-Investion zur Erweiterung und Weiterentwicklung der Recyclingkapazit\u00e4t sorgt f\u00fcr Freude im Neusser Kreishaus. \u201eDie Entscheidung f\u00fcr solch gro\u00dfe Investitionen von Speira in das Rheinwerk ist ein starkes Zeichen f\u00fcr unseren Wirtschaftsstandort. Ich bin dem Unternehmen dankbar, dass es hiermit ein Bekenntnis zum Rhein-Kreis Neuss und der Sicherung von tausenden Arbeits- und Ausbildungspl\u00e4tzen in der hiesigen Aluminiumwirtschaft abgibt\u201c, freut sich Landrat Hans-J\u00fcrgen Petrauschke. Dies trage auch zur St\u00e4rkung der Kreislaufwirtschaft und damit einem nachhaltigen Umweltschutz bei.<\/p>\n\n\n\n<p>\u201eDie angek\u00fcndigten weiteren Investitionen machen deutlich, dass die Aluminiumwirtschaft auch in Zukunft ein starker Teil der Wirtschaft im Rhein-Kreis Neuss sein wird. Nach der Bekanntgabe des Bau des Haribo-Werkes in Holzheim ist das in wenigen Tagen die zweite positive Nachricht f\u00fcr unseren Kreis\u201c, so Petrauschke.<\/p>\n\n\n\n<p><em><u>Zum Hintergrund:<\/u><br>Speira hat heute angek\u00fcndigt, 40 Millionen Euro in weitere Recyclingkapazit\u00e4t zu investieren, um das Neusser Rheinwerk weiterzuentwickeln und an dem Standort dann in Summe bis zu 1,5 Millionen Tonnen CO\u00b2-Einsparung pro Jahr zu realisieren. Dem neuen Ofen und dem Umbau der Gussanlage sollen laut dem Unternehmen weitere Schritte folgen um das Rheinwerk mit seiner strategischen Lage im Herzen Europas zum f\u00fchrenden Recycling-Hub auszubauen.\u00a0<\/em><\/p>\n\n\n\n<p>Quelle: <a href=\"http:\/\/www.rhein-kreis-neuss.de\">Rhein-Kreis Neuss<\/a><\/p>\n\n\n<figure class=\"wp-block-post-featured-image\"><img loading=\"lazy\" decoding=\"async\" width=\"1732\" height=\"1154\" src=\"https:\/\/standort-niederrhein.de\/wp-content\/uploads\/2024\/06\/Hans-Juergen-Petrauschke-14.jpg\" class=\"attachment-post-thumbnail size-post-thumbnail wp-post-image\" alt=\"\" style=\"object-fit:cover;\" srcset=\"https:\/\/standort-niederrhein.de\/wp-content\/uploads\/2024\/06\/Hans-Juergen-Petrauschke-14.jpg 1732w, https:\/\/standort-niederrhein.de\/wp-content\/uploads\/2024\/06\/Hans-Juergen-Petrauschke-14-1280x853.jpg 1280w, https:\/\/standort-niederrhein.de\/wp-content\/uploads\/2024\/06\/Hans-Juergen-Petrauschke-14-980x653.jpg 980w, https:\/\/standort-niederrhein.de\/wp-content\/uploads\/2024\/06\/Hans-Juergen-Petrauschke-14-480x320.jpg 480w\" sizes=\"(min-width: 0px) and (max-width: 480px) 480px, (min-width: 481px) and (max-width: 980px) 980px, (min-width: 981px) and (max-width: 1280px) 1280px, (min-width: 1281px) 1732px, 100vw\" \/><\/figure>\n\n\n<p>Landrat Hans-J\u00fcrgen Petrauschke freut sich \u00fcber die Investitionen von Speira in den Aluminiumstandort Rhein-Kreis Neuss. | Foto: D. Illgner\/ Rhein-Kreis Neuss<\/p>\n","protected":false},"excerpt":{"rendered":"<p>Rhein-Kreis Neuss. Die von Speira angek\u00fcndigte 40-Millionen-Investion zur Erweiterung und Weiterentwicklung der Recyclingkapazit\u00e4t sorgt f\u00fcr Freude im Neusser Kreishaus. \u201eDie Entscheidung f\u00fcr solch gro\u00dfe Investitionen von Speira in das Rheinwerk ist ein starkes Zeichen f\u00fcr unseren Wirtschaftsstandort. Ich bin dem Unternehmen dankbar, dass es hiermit ein Bekenntnis zum Rhein-Kreis Neuss und der Sicherung von tausenden [&hellip;]<\/p>\n","protected":false},"author":3,"featured_media":4331,"comment_status":"closed","ping_status":"closed","sticky":false,"template":"","format":"standard","meta":{"_et_pb_use_builder":"","_et_pb_old_content":"","_et_gb_content_width":"","footnotes":""},"categories":[1],"tags":[],"class_list":["post-4330","post","type-post","status-publish","format-standard","has-post-thumbnail","hentry","category-allgemein"],"_links":{"self":[{"href":"https:\/\/standort-niederrhein.de\/en\/wp-json\/wp\/v2\/posts\/4330","targetHints":{"allow":["GET"]}}],"collection":[{"href":"https:\/\/standort-niederrhein.de\/en\/wp-json\/wp\/v2\/posts"}],"about":[{"href":"https:\/\/standort-niederrhein.de\/en\/wp-json\/wp\/v2\/types\/post"}],"author":[{"embeddable":true,"href":"https:\/\/standort-niederrhein.de\/en\/wp-json\/wp\/v2\/users\/3"}],"replies":[{"embeddable":true,"href":"https:\/\/standort-niederrhein.de\/en\/wp-json\/wp\/v2\/comments?post=4330"}],"version-history":[{"count":1,"href":"https:\/\/standort-niederrhein.de\/en\/wp-json\/wp\/v2\/posts\/4330\/revisions"}],"predecessor-version":[{"id":4332,"href":"https:\/\/standort-niederrhein.de\/en\/wp-json\/wp\/v2\/posts\/4330\/revisions\/4332"}],"wp:featuredmedia":[{"embeddable":true,"href":"https:\/\/standort-niederrhein.de\/en\/wp-json\/wp\/v2\/media\/4331"}],"wp:attachment":[{"href":"https:\/\/standort-niederrhein.de\/en\/wp-json\/wp\/v2\/media?parent=4330"}],"wp:term":[{"taxonomy":"category","embeddable":true,"href":"https:\/\/standort-niederrhein.de\/en\/wp-json\/wp\/v2\/categories?post=4330"},{"taxonomy":"post_tag","embeddable":true,"href":"https:\/\/standort-niederrhein.de\/en\/wp-json\/wp\/v2\/tags?post=4330"}],"curies":[{"name":"wp","href":"https:\/\/api.w.org\/{rel}","templated":true}]}}