{"id":4309,"date":"2024-06-05T06:00:00","date_gmt":"2024-06-05T04:00:00","guid":{"rendered":"https:\/\/invest-in-niederrhein.de\/?p=4309"},"modified":"2024-06-06T14:00:51","modified_gmt":"2024-06-06T12:00:51","slug":"nrw-usa-jahr-im-fokus-regionen-nrw-praesentiert-sich-beim-nrw-fest-in-berlin","status":"publish","type":"post","link":"https:\/\/standort-niederrhein.de\/en\/2024\/06\/05\/nrw-usa-jahr-im-fokus-regionen-nrw-praesentiert-sich-beim-nrw-fest-in-berlin\/","title":{"rendered":"NRW-USA-Jahr im Fokus:  regionen.NRW pr\u00e4sentiert sich beim NRW-Fest in Berlin"},"content":{"rendered":"\n<p><strong>NRW\/ Berlin.<\/strong> Das NRW-USA-Jahr 2023\/2024 stand beim Sommerfest der NRW-Landesvertretung in Berlin im Vordergrund \u2013 und damit auch die transatlantischen Beziehungen zwischen dem Bundesland und den Vereinigten Staaten. Rund 1500 G\u00e4ste aus Politik, Wirtschaft und Medien kamen zusammen, um sich \u00fcber aktuelle Themen und Entwicklungen in Nordrhein-Westfalen auszutauschen und die seit vielen Jahrzehnten gepflegten Beziehungen zwischen NRW und den USA zu feiern. Mit dabei war auch der Standort Niederrhein als eine der neun regionalen Entwicklungsorganisationen des Verbundes regionen.NRW.<\/p>\n\n\n\n<p>Die G\u00e4ste diskutierten aktuelle Themen, sprachen \u00fcber die wichtigen transatlantischen Beziehungen und probierten USA-typische Speisen und Getr\u00e4nke. Am Stand der NRW-Regionen gab es die Vielfalt NRWs zu probieren, mit Gins und Cocktails von besonderen lokalen Produzenten und Herstellern aus den neun Regionen. Eine Ausstellung mit historischen Stelen thematisierte zudem wirtschaftliche sowie politische und gesellschaftlich historische Momente der Freundschaft zwischen NRW und den USA.<\/p>\n\n\n\n<p>\u201eEs lohnt sich immer, \u00fcber den Tellerrand zu schauen \u2013 nicht nur NRW-weit, sondern nat\u00fcrlich auch international. Wir Regionen sind froh und gl\u00fccklich \u00fcber die guten Beziehungen mit den USA, die es in jedem Fall zu erhalten und auszubauen gilt. Gleichzeitig bietet uns das NRW-Fest die optimale M\u00f6glichkeit, mit wichtigen Akteuren in den Austausch zu treten und uns noch st\u00e4rker zu vernetzen\u201c, betonte Klaus Ehling, Vorstand des M\u00fcnsterland e.V., stellvertretend f\u00fcr die neun Regionen.<\/p>\n\n\n\n<p>Sich zusammen gegen\u00fcber der Landesregierung zu positionieren \u2013 das ist die Idee hinter dem gemeinsamen Auftritt der neun Regionen mit dem Titel \u201eregionen.NRW\u201c. Der Verbund besteht seit 2013 und umfasst die Zukunftsagentur Rheinisches Revier sowie die neun regionalen Managementorganisationen Region Aachen \u2013 Zweckverband, Bergische Struktur- und Wirtschaftsf\u00f6rderungsgesellschaft mbH, Regionalmanagement D\u00fcsseldorf\/Kreis Mettmann, Region K\u00f6ln\/Bonn e.V., M\u00fcnsterland e.V., Standort Niederrhein GmbH, OstWestfalenLippe GmbH, Regionalverband Ruhr und die S\u00fcdwestfalen Agentur GmbH.<\/p>\n\n\n<figure class=\"wp-block-post-featured-image\"><img loading=\"lazy\" decoding=\"async\" width=\"2560\" height=\"1703\" src=\"https:\/\/standort-niederrhein.de\/wp-content\/uploads\/2024\/06\/2024-06-04-Sommerfest-NRW-2969-scaled.jpg\" class=\"attachment-post-thumbnail size-post-thumbnail wp-post-image\" alt=\"\" style=\"object-fit:cover;\" srcset=\"https:\/\/standort-niederrhein.de\/wp-content\/uploads\/2024\/06\/2024-06-04-Sommerfest-NRW-2969-scaled.jpg 2560w, https:\/\/standort-niederrhein.de\/wp-content\/uploads\/2024\/06\/2024-06-04-Sommerfest-NRW-2969-1280x852.jpg 1280w, https:\/\/standort-niederrhein.de\/wp-content\/uploads\/2024\/06\/2024-06-04-Sommerfest-NRW-2969-980x652.jpg 980w, https:\/\/standort-niederrhein.de\/wp-content\/uploads\/2024\/06\/2024-06-04-Sommerfest-NRW-2969-480x319.jpg 480w\" sizes=\"(min-width: 0px) and (max-width: 480px) 480px, (min-width: 481px) and (max-width: 980px) 980px, (min-width: 981px) and (max-width: 1280px) 1280px, (min-width: 1281px) 2560px, 100vw\" \/><\/figure>\n\n\n<p>Foto: Bernd Wannenmacher f\u00fcr Standort Niederrhein GmbH \/ regionen.NRW<\/p>\n","protected":false},"excerpt":{"rendered":"<p>NRW\/ Berlin. Das NRW-USA-Jahr 2023\/2024 stand beim Sommerfest der NRW-Landesvertretung in Berlin im Vordergrund \u2013 und damit auch die transatlantischen Beziehungen zwischen dem Bundesland und den Vereinigten Staaten. Rund 1500 G\u00e4ste aus Politik, Wirtschaft und Medien kamen zusammen, um sich \u00fcber aktuelle Themen und Entwicklungen in Nordrhein-Westfalen auszutauschen und die seit vielen Jahrzehnten gepflegten Beziehungen [&hellip;]<\/p>\n","protected":false},"author":3,"featured_media":4310,"comment_status":"closed","ping_status":"closed","sticky":false,"template":"","format":"standard","meta":{"_et_pb_use_builder":"","_et_pb_old_content":"","_et_gb_content_width":"","footnotes":""},"categories":[1],"tags":[],"class_list":["post-4309","post","type-post","status-publish","format-standard","has-post-thumbnail","hentry","category-allgemein"],"_links":{"self":[{"href":"https:\/\/standort-niederrhein.de\/en\/wp-json\/wp\/v2\/posts\/4309","targetHints":{"allow":["GET"]}}],"collection":[{"href":"https:\/\/standort-niederrhein.de\/en\/wp-json\/wp\/v2\/posts"}],"about":[{"href":"https:\/\/standort-niederrhein.de\/en\/wp-json\/wp\/v2\/types\/post"}],"author":[{"embeddable":true,"href":"https:\/\/standort-niederrhein.de\/en\/wp-json\/wp\/v2\/users\/3"}],"replies":[{"embeddable":true,"href":"https:\/\/standort-niederrhein.de\/en\/wp-json\/wp\/v2\/comments?post=4309"}],"version-history":[{"count":1,"href":"https:\/\/standort-niederrhein.de\/en\/wp-json\/wp\/v2\/posts\/4309\/revisions"}],"predecessor-version":[{"id":4311,"href":"https:\/\/standort-niederrhein.de\/en\/wp-json\/wp\/v2\/posts\/4309\/revisions\/4311"}],"wp:featuredmedia":[{"embeddable":true,"href":"https:\/\/standort-niederrhein.de\/en\/wp-json\/wp\/v2\/media\/4310"}],"wp:attachment":[{"href":"https:\/\/standort-niederrhein.de\/en\/wp-json\/wp\/v2\/media?parent=4309"}],"wp:term":[{"taxonomy":"category","embeddable":true,"href":"https:\/\/standort-niederrhein.de\/en\/wp-json\/wp\/v2\/categories?post=4309"},{"taxonomy":"post_tag","embeddable":true,"href":"https:\/\/standort-niederrhein.de\/en\/wp-json\/wp\/v2\/tags?post=4309"}],"curies":[{"name":"wp","href":"https:\/\/api.w.org\/{rel}","templated":true}]}}