{"id":4182,"date":"2024-05-29T09:00:00","date_gmt":"2024-05-29T07:00:00","guid":{"rendered":"https:\/\/invest-in-niederrhein.de\/?p=4182"},"modified":"2024-05-29T09:10:48","modified_gmt":"2024-05-29T07:10:48","slug":"15-jahre-hochschule-rhein-waal","status":"publish","type":"post","link":"https:\/\/standort-niederrhein.de\/en\/2024\/05\/29\/15-jahre-hochschule-rhein-waal\/","title":{"rendered":"15 Jahre Hochschule Rhein-Waal"},"content":{"rendered":"\n<p><strong>Kleve.<\/strong> Die Hochschule Rhein-Waal (HSRW) feierte k\u00fcrzlich ihr 15-j\u00e4hriges Bestehen. Unter dem Motto \u201eVon allen f\u00fcr alle\u201c hatte sie die Menschen in der Region zu einem bunten Campusfest eingeladen und viele sind dem Aufruf gefolgt. Mit rund 50 St\u00e4nden und Programmpunkten pr\u00e4sentierte sich die Hochschule ihren Besucher*innen am Campus Kleve. Entlang des Spoykanals gab es einen bunten Mix aus Mitmachaktionen, Vorf\u00fchrungen und Beitr\u00e4gen aus der Hochschulgemeinschaft.<\/p>\n\n\n\n<p>Das inzwischen nahezu legend\u00e4re Schwanenritter-Rennen, das nach f\u00fcnf Jahren endlich wieder stattfinden konnte, erwies sich als echter Publikumsmagnet. Vor prall gef\u00fcllten R\u00e4ngen am Wendebecken vor der Mensa gab Professor William Megill am sp\u00e4ten Nachmittag den Startschuss, woraufhin die Teilnehmenden ihre zuvor selbst gebauten Boote zu Wasser lie\u00dfen und sich paddelnd \u2013 einige nach Kentern ihres Bootes auch schwimmend \u2013 auf den Weg entlang des Spoykanals zur Zielmarke an der Hebebr\u00fccke machten, begleitet vom aufmunternden Ap-plaus des Publikums. Den Sieg sicherte sich souver\u00e4n das Team im Boot Nr. 8, das unter der Flagge der KSG vom Stapel lief. Selbstverst\u00e4ndlich wurden alle teilnehmenden Teams ausgiebig f\u00fcr ihren engagierten Einsatz gefeiert.<\/p>\n\n\n\n<p>Das vielf\u00e4ltige Programm auf dem Campusgel\u00e4nde, in den Geb\u00e4uden und auf der eigens er-richteten B\u00fchne hielt f\u00fcr alle etwas bereit. Nachmittags fielen vor allem die vielen jungen Familien auf, die sich \u00fcber ein buntgemischtes Kinderprogramm freuten. Aber auch weitere Inte-ressierte \u2013 ob jung oder alt \u2013 hatten sich auf den Weg gemacht, um das Campusfest zu erleben, an den St\u00e4nden haltzumachen oder bei Mitmachaktionen aktiv zu werden. Prof. Dr. Locker-Gr\u00fctjen, Pr\u00e4sident der HSRW, stellt erfreut fest: \u201eUnsere Hochschule konnte sich mit dem Campusfest einmal mehr der breiteren \u00d6ffentlichkeit pr\u00e4sentieren. Es freut mich sehr, dass dies sehr gut angenommen wurde und viele der Einladung gefolgt sind. Dank des gro\u00dfartigen Engagements der Hochschulmitglieder beim Campusfest konnte die Vielfalt unserer Hoch-schule ein St\u00fcck weit sichtbar und vor allem auch erlebbar gemacht werden.\u201c<\/p>\n\n\n\n<p>Die Studierenden und Mitarbeitenden der Hochschule gaben Einblicke in ihren Studien-, Wissenschafts- sowie Arbeitsalltag und \u00f6ffneten die T\u00fcren f\u00fcr einen Blick hinter die Kulissen. So gab es beispielsweise F\u00fchrungen durch das Tropenhaus, Angebote auf dem Dach des Mensa-Geb\u00e4udes und Aktionen in der Lernwerkstatt KLEX (ein Labor f\u00fcr \u201eKindliches Lernen Erfahren und Experimentieren\u201c). Viel Anklang fanden auch die St\u00e4nde zu Forschungsprojekten.<\/p>\n\n\n\n<p>Quelle: Hochschule Rhein-Waal<\/p>\n\n\n<figure class=\"wp-block-post-featured-image\"><img loading=\"lazy\" decoding=\"async\" width=\"7852\" height=\"5237\" src=\"https:\/\/standort-niederrhein.de\/wp-content\/uploads\/2024\/05\/20240528_Foto_Campusfest_Schwanenritter-Race\u00a9HSRW_Binh-Minh-Nguyen.jpg\" class=\"attachment-post-thumbnail size-post-thumbnail wp-post-image\" alt=\"\" style=\"object-fit:cover;\" srcset=\"https:\/\/standort-niederrhein.de\/wp-content\/uploads\/2024\/05\/20240528_Foto_Campusfest_Schwanenritter-Race\u00a9HSRW_Binh-Minh-Nguyen.jpg 7852w, https:\/\/standort-niederrhein.de\/wp-content\/uploads\/2024\/05\/20240528_Foto_Campusfest_Schwanenritter-Race\u00a9HSRW_Binh-Minh-Nguyen-300x200.jpg 300w, https:\/\/standort-niederrhein.de\/wp-content\/uploads\/2024\/05\/20240528_Foto_Campusfest_Schwanenritter-Race\u00a9HSRW_Binh-Minh-Nguyen-1024x683.jpg 1024w, https:\/\/standort-niederrhein.de\/wp-content\/uploads\/2024\/05\/20240528_Foto_Campusfest_Schwanenritter-Race\u00a9HSRW_Binh-Minh-Nguyen-768x512.jpg 768w, https:\/\/standort-niederrhein.de\/wp-content\/uploads\/2024\/05\/20240528_Foto_Campusfest_Schwanenritter-Race\u00a9HSRW_Binh-Minh-Nguyen-1536x1024.jpg 1536w, https:\/\/standort-niederrhein.de\/wp-content\/uploads\/2024\/05\/20240528_Foto_Campusfest_Schwanenritter-Race\u00a9HSRW_Binh-Minh-Nguyen-1080x720.jpg 1080w, https:\/\/standort-niederrhein.de\/wp-content\/uploads\/2024\/05\/20240528_Foto_Campusfest_Schwanenritter-Race\u00a9HSRW_Binh-Minh-Nguyen-1280x854.jpg 1280w, https:\/\/standort-niederrhein.de\/wp-content\/uploads\/2024\/05\/20240528_Foto_Campusfest_Schwanenritter-Race\u00a9HSRW_Binh-Minh-Nguyen-980x654.jpg 980w, https:\/\/standort-niederrhein.de\/wp-content\/uploads\/2024\/05\/20240528_Foto_Campusfest_Schwanenritter-Race\u00a9HSRW_Binh-Minh-Nguyen-480x320.jpg 480w\" sizes=\"(max-width: 7852px) 100vw, 7852px\" \/><\/figure>\n\n\n<p>Campusfest: Schwanenritter-Race | Foto: HSRW \/ Binh Minh Nguyen<\/p>\n","protected":false},"excerpt":{"rendered":"<p>Kleve. Die Hochschule Rhein-Waal (HSRW) feierte k\u00fcrzlich ihr 15-j\u00e4hriges Bestehen. Unter dem Motto \u201eVon allen f\u00fcr alle\u201c hatte sie die Menschen in der Region zu einem bunten Campusfest eingeladen und viele sind dem Aufruf gefolgt. Mit rund 50 St\u00e4nden und Programmpunkten pr\u00e4sentierte sich die Hochschule ihren Besucher*innen am Campus Kleve. Entlang des Spoykanals gab es [&hellip;]<\/p>\n","protected":false},"author":3,"featured_media":4183,"comment_status":"closed","ping_status":"closed","sticky":false,"template":"","format":"standard","meta":{"_et_pb_use_builder":"","_et_pb_old_content":"","_et_gb_content_width":"","footnotes":""},"categories":[1],"tags":[],"class_list":["post-4182","post","type-post","status-publish","format-standard","has-post-thumbnail","hentry","category-allgemein"],"_links":{"self":[{"href":"https:\/\/standort-niederrhein.de\/en\/wp-json\/wp\/v2\/posts\/4182","targetHints":{"allow":["GET"]}}],"collection":[{"href":"https:\/\/standort-niederrhein.de\/en\/wp-json\/wp\/v2\/posts"}],"about":[{"href":"https:\/\/standort-niederrhein.de\/en\/wp-json\/wp\/v2\/types\/post"}],"author":[{"embeddable":true,"href":"https:\/\/standort-niederrhein.de\/en\/wp-json\/wp\/v2\/users\/3"}],"replies":[{"embeddable":true,"href":"https:\/\/standort-niederrhein.de\/en\/wp-json\/wp\/v2\/comments?post=4182"}],"version-history":[{"count":3,"href":"https:\/\/standort-niederrhein.de\/en\/wp-json\/wp\/v2\/posts\/4182\/revisions"}],"predecessor-version":[{"id":4187,"href":"https:\/\/standort-niederrhein.de\/en\/wp-json\/wp\/v2\/posts\/4182\/revisions\/4187"}],"wp:featuredmedia":[{"embeddable":true,"href":"https:\/\/standort-niederrhein.de\/en\/wp-json\/wp\/v2\/media\/4183"}],"wp:attachment":[{"href":"https:\/\/standort-niederrhein.de\/en\/wp-json\/wp\/v2\/media?parent=4182"}],"wp:term":[{"taxonomy":"category","embeddable":true,"href":"https:\/\/standort-niederrhein.de\/en\/wp-json\/wp\/v2\/categories?post=4182"},{"taxonomy":"post_tag","embeddable":true,"href":"https:\/\/standort-niederrhein.de\/en\/wp-json\/wp\/v2\/tags?post=4182"}],"curies":[{"name":"wp","href":"https:\/\/api.w.org\/{rel}","templated":true}]}}