{"id":4173,"date":"2024-05-27T14:00:00","date_gmt":"2024-05-27T12:00:00","guid":{"rendered":"https:\/\/invest-in-niederrhein.de\/?p=4173"},"modified":"2024-05-27T14:06:04","modified_gmt":"2024-05-27T12:06:04","slug":"umbau-am-hauptbahnhof-wird-mit-zehn-millionen-euro-gefoerdert","status":"publish","type":"post","link":"https:\/\/standort-niederrhein.de\/en\/2024\/05\/27\/umbau-am-hauptbahnhof-wird-mit-zehn-millionen-euro-gefoerdert\/","title":{"rendered":"Umbau am Hauptbahnhof wird mit zehn Millionen Euro gef\u00f6rdert"},"content":{"rendered":"\n<p><strong>Krefeld. <\/strong>Der Verkehrsverbund Rhein-Ruhr (VRR) hat f\u00fcr den barrierefreien Ausbau der Stra\u00dfen- und Stadtbahnhaltestelle am Hauptbahnhof in Krefeld einen F\u00f6rderbescheid in H\u00f6he von rund zehn Millionen Euro an die Rheinbahn \u00fcbergeben, die die Ma\u00dfnahme federf\u00fchrend in Abstimmung mit der SWK Mobil und der Stadt Krefeld durchf\u00fchrt. Damit f\u00f6rdert der VRR insgesamt 90 Prozent der zuwendungsf\u00e4higen Gesamtkosten.<\/p>\n\n\n\n<p>Im Rahmen der aktuellen Stadtentwicklungsziele der Stadt Krefeld und im Hinblick auf die unterschiedlichen Mobilit\u00e4tsbed\u00fcrfnisse der B\u00fcrgerinnen und B\u00fcrger wird die Stra\u00dfen- und Stadtbahnhaltestelle am Hauptbahnhof in Krefeld bereits seit Herbst 2023 barrierefrei umgebaut. Bis Oktober 2024 entsteht an der Haltestelle Hauptbahnhof ein barrierefreier Umsteigepunkt zwischen Stadt- und Stra\u00dfenbahn zu \u00fcberregionalen Verbindungen am Krefelder Hauptbahnhof. Die Gesamtbaukosten der Ma\u00dfnahme belaufen sich auf rund 13 Millionen Euro.<\/p>\n\n\n\n<p><strong>Bis Oktober entsteht am Hauptbahnhof barrierefreier Umsteigepunkt<\/strong><br>\u201eMit dieser Ma\u00dfnahme werden die Belange mobilit\u00e4tseingeschr\u00e4nkter Personen ber\u00fccksichtigt. Die Stadt Krefeld leistet, gemeinsam mit der Rheinbahn und der SWK, einen wesentlichen Beitrag, Menschen mit Behinderungen beziehungsweise Mobilit\u00e4tsbeeintr\u00e4chtigungen eine selbstbestimmte Lebensf\u00fchrung, besonders im Hinblick auf die Mobilit\u00e4t im \u00f6ffentlichen Verkehrsraum zu erm\u00f6glichen\u201c, freut sich VRR-Vorstandssprecher Oliver Wittke. \u201eWir freuen uns, dass unsere Investitionsf\u00f6rderung von den St\u00e4dten, Gemeinden und \u00d6PNV-Verkehrsunternehmen angenommen werden. Allerdings stehen wir mit unseren Partnern im \u00d6PNV erst am Anfang bei der Umsetzung der Verkehrswende. Gemeinsam k\u00f6nnen und wollen wir auch zuk\u00fcnftig beim Ausbau und der F\u00f6rderung der Nahverkehrsinfrastruktur noch intensiver zusammenarbeiten\u201c, so Wittke weiter.<\/p>\n\n\n\n<p>Frank Meyer, Oberb\u00fcrgermeister der Stadt Krefeld, betont: \u201eMan sieht rund um den Hauptbahnhof, dass sich in Krefeld baulich viel positiv ver\u00e4ndert. Am Willy-Brandt-Platz s\u00fcdlich des Hauptbahnhofs sind zwei Neubauten f\u00fcr Jobcenter und Autobahn GmbH entstanden. Die beiden Haltestellen f\u00fcr die Krefelder Stadtlinien sowie die U70 und U76 sorgen jetzt n\u00f6rdlich des Hauptbahnhofs f\u00fcr eine attraktive Gestaltung. Mit dem geplanten Bau eines Mobilit\u00e4tshubs direkt am Hauptbahnhof steht die n\u00e4chste gro\u00dfe Bauma\u00dfnahme bevor. Unser gemeinsames Ziel muss eine hochwertige \u00d6PNV-Infrastruktur f\u00fcr die B\u00fcrgerinnen und B\u00fcrger sein. Dazu geh\u00f6rt auch das wichtige Thema Barrierefreiheit. Ich freue mich deshalb \u00fcber den F\u00f6rderbescheid \u00fcber zehn Millionen Euro, der eine wichtige Investition f\u00fcr Krefeld bedeutet.\u201c<\/p>\n\n\n\n<p><strong>OB Frank Meyer: Ziel ist hochwertige \u00d6PNV-Infrastruktur<\/strong><br>\u201eDer barrierefreie Ausbau der Haltestellen erleichtert allen Menschen die Nutzung<br>des Nahverkehrs und ist damit nicht nur eine deutliche Qualit\u00e4tsverbesserung f\u00fcr unsere Fahrg\u00e4ste, sondern auch ein wichtiger Faktor f\u00fcr die Verkehrswende, um noch mehr Menschen zum Umsteigen auf unsere klimafreundliche Mobilit\u00e4t zu bewegen. Daher freuen wir uns sehr \u00fcber die F\u00f6rderung und auf die baldige Er\u00f6ffnung im Herbst. Mit dem barrierefreien Umbau am Krefelder Hauptbahnhof entsteht dann eine ideale Wegekette durch die Verkn\u00fcpfung verschiedener Verkehrsmittel. F\u00fcr die Rheinbahn ist der Umbau ebenfalls von gro\u00dfer Bedeutung. Die Stadtbahnlinien U70 und U76 sind sehr wichtige Linien zur Verbindung der beiden St\u00e4dte. Die Barrierefreiheit sorgt zudem f\u00fcr gr\u00f6\u00dfere Fahrplanstabilit\u00e4t, k\u00fcrzere Fahrzeiten und schnellere Betriebsabl\u00e4ufe\u201c, so Klaus Rabe, Leiter des F\u00f6rdermittelmanagements bei der Rheinbahn. <\/p>\n\n\n\n<p>\u201eGelungene Zusammenarbeit ist hier das Stichwort. Sowohl die zwischen Rheinbahn, Stadt und uns als auch die zwischen den unterschiedlichsten Baugewerken und die gute Abstimmung zwischen dem Baubetrieb und dem teils parallellaufenden Fahr- und Ersatzbetrieb \u2013 und das an einem neuralgischen Verkehrsknoten im Herzen Krefelds. Hier wurde durch vorbildliche Zusammenarbeit an allen Fronten das Bestm\u00f6gliche herausgeholt. Und auch eine umfassende und transparente Information in Richtung der Krefelder B\u00fcrgerinnen und B\u00fcrger sowie unserer Fahrg\u00e4ste war dadurch m\u00f6glich\u201c, res\u00fcmiert Gesch\u00e4ftsf\u00fchrer der SWK Mobil, Guido Stilling.<\/p>\n\n\n\n<p><strong>Informationen zur Bauma\u00dfnahme am Hauptbahnhof<\/strong><br>Die jeweiligen Bahnsteigkanten von Mittel- und Seitenbahnsteigen werden an die Fahrzeugh\u00f6hen der 2,65 m breiten Hochflurfahrzeuge der Rheinbahn AG (Normalspur) und der 2,30 m breiten Niederflurfahrzeuge der SWK Mobil (Meterspur) angepasst, so dass ein barrierefreier Ein- und Ausstieg m\u00f6glich ist. Weiterhin werden die Bahnsteige mit taktilen und kontrastierenden Leiteinrichtungen als Orientierungshilfe und zum sicheren Auffinden der Einstiegsposition, Beleuchtung, Wetterschutz und DFI mit Sprachausgabe ausgestattet. Rampen verbessern den Zugang.<\/p>\n\n\n\n<p>Die Haltestelle Krefeld Hauptbahnhof geh\u00f6rt zu einer der am st\u00e4rksten frequentierten Haltestellen in Krefeld. Neben den Stadtbahnlinien U70 und U76 der Rheinbahn verkehrt dort die Stra\u00dfenbahnlinie 044 der SWK Mobil auf einem Vier-Schienen-Gleis. In unmittelbarer N\u00e4he befindet sich der \u00dcbergang zu den Linien 041, 042 und 043 der SWK. Mehrere Buslinien sind \u00fcber den zentralen Busbahnhof zu erreichen. Am Hauptbahnhof in Krefeld halten im Netz der DB die Linien RE7, RE 10, RE 42, RB 33 und RB 35.<\/p>\n\n\n\n<p>Quelle: <a href=\"http:\/\/www.krefeld.de\">Stadt Krefeld<\/a><\/p>\n","protected":false},"excerpt":{"rendered":"<p>Krefeld. Der Verkehrsverbund Rhein-Ruhr (VRR) hat f\u00fcr den barrierefreien Ausbau der Stra\u00dfen- und Stadtbahnhaltestelle am Hauptbahnhof in Krefeld einen F\u00f6rderbescheid in H\u00f6he von rund zehn Millionen Euro an die Rheinbahn \u00fcbergeben, die die Ma\u00dfnahme federf\u00fchrend in Abstimmung mit der SWK Mobil und der Stadt Krefeld durchf\u00fchrt. Damit f\u00f6rdert der VRR insgesamt 90 Prozent der zuwendungsf\u00e4higen [&hellip;]<\/p>\n","protected":false},"author":3,"featured_media":0,"comment_status":"closed","ping_status":"closed","sticky":false,"template":"","format":"standard","meta":{"_et_pb_use_builder":"","_et_pb_old_content":"","_et_gb_content_width":"","footnotes":""},"categories":[1],"tags":[],"class_list":["post-4173","post","type-post","status-publish","format-standard","hentry","category-allgemein"],"_links":{"self":[{"href":"https:\/\/standort-niederrhein.de\/en\/wp-json\/wp\/v2\/posts\/4173","targetHints":{"allow":["GET"]}}],"collection":[{"href":"https:\/\/standort-niederrhein.de\/en\/wp-json\/wp\/v2\/posts"}],"about":[{"href":"https:\/\/standort-niederrhein.de\/en\/wp-json\/wp\/v2\/types\/post"}],"author":[{"embeddable":true,"href":"https:\/\/standort-niederrhein.de\/en\/wp-json\/wp\/v2\/users\/3"}],"replies":[{"embeddable":true,"href":"https:\/\/standort-niederrhein.de\/en\/wp-json\/wp\/v2\/comments?post=4173"}],"version-history":[{"count":1,"href":"https:\/\/standort-niederrhein.de\/en\/wp-json\/wp\/v2\/posts\/4173\/revisions"}],"predecessor-version":[{"id":4174,"href":"https:\/\/standort-niederrhein.de\/en\/wp-json\/wp\/v2\/posts\/4173\/revisions\/4174"}],"wp:attachment":[{"href":"https:\/\/standort-niederrhein.de\/en\/wp-json\/wp\/v2\/media?parent=4173"}],"wp:term":[{"taxonomy":"category","embeddable":true,"href":"https:\/\/standort-niederrhein.de\/en\/wp-json\/wp\/v2\/categories?post=4173"},{"taxonomy":"post_tag","embeddable":true,"href":"https:\/\/standort-niederrhein.de\/en\/wp-json\/wp\/v2\/tags?post=4173"}],"curies":[{"name":"wp","href":"https:\/\/api.w.org\/{rel}","templated":true}]}}