{"id":4155,"date":"2024-05-25T06:00:00","date_gmt":"2024-05-25T04:00:00","guid":{"rendered":"https:\/\/invest-in-niederrhein.de\/?p=4155"},"modified":"2024-05-23T22:22:41","modified_gmt":"2024-05-23T20:22:41","slug":"forschung-die-anzieht-textil-institut-der-hsnr-feiert-15-jaehriges-jubilaeum","status":"publish","type":"post","link":"https:\/\/standort-niederrhein.de\/en\/2024\/05\/25\/forschung-die-anzieht-textil-institut-der-hsnr-feiert-15-jaehriges-jubilaeum\/","title":{"rendered":"Forschung, die anzieht! Textil-Institut der HSNR feiert 15-j\u00e4hriges Jubil\u00e4um"},"content":{"rendered":"\n<p><strong>M\u00f6nchengladbach.<\/strong> Das Forschungsinstitut f\u00fcr Textil und Bekleidung (FTB) der Hochschule Niederrhein (HSNR) treibt das Thema Forschung seit 2009 konsequent voran. Von der Kompetenzplattform mit wenigen Mitarbeitenden zum eigenst\u00e4ndigen Institut mit rund 40 Besch\u00e4ftigten: Das musste gefeiert werden.<\/p>\n\n\n\n<p>Eingebettet in Deutschlands gr\u00f6\u00dfte Recruiting- und Innovationsmesse der Textil- und Bekleidungsbranche \u201eMG ZIEHT AN\u201c am Campus M\u00f6nchengladbach feierte die Hochschule das 15-j\u00e4hrige Jubil\u00e4um unter dem Motto \u201eForschung, die anzieht!\u201c Mit dabei waren rund 150 G\u00e4ste und Partner, die den Werdegang des FTB von der Gr\u00fcndungszeit bis heute begleitet haben.<\/p>\n\n\n\n<p>Sie schauten sich die neusten Anlagen an oder h\u00f6rten beim Masterkonkgress der \u201eMG ZIEHT AN\u201c, an welchen Themen Absolvent:innen und Studierende am Fachbereich Textil- und Bekleidungstechnik und am Institut forschten. Bei der gro\u00dfen Party im Zelt auf der Mensawiese gab es genug Gelegenheit zum Netzwerken in entspannter Atmosph\u00e4re.<\/p>\n\n\n\n<p>Das FTB war eines der ersten gegr\u00fcndeten Institute an der HSNR. Hier setzen Lehrende, Studierende und Forschende ihr Wissen konkret in die Praxis um: Mithilfe der modernen Ausstattung und Maschinen bietet es optimale Bedingungen f\u00fcr Versuchsreihen, um an L\u00f6sungen f\u00fcr bestimmte Fragestellungen zu arbeiten.<\/p>\n\n\n\n<p>Themen entlang der gesamten textilen Verarbeitungskette einschlie\u00dflich Recycling am Produktebensende, in die alle Lehrenden des Fachbereichs eng miteinbezogen werden, k\u00f6nnen hier umgesetzt werden. \u201eEin starkes Team aus Forschenden, profunde Fachkenntnis durch langj\u00e4hrige Berufserfahrung in Industrie, Forschung und Lehre sorgen f\u00fcr konstante und gute Resultate\u201c, sagt FTB-Leiterin Prof. Dr. Maike Rabe. Gro\u00df geschrieben wird auch die Zusammenarbeit mit anderen Instituten und Hochschulen.<\/p>\n\n\n\n<p>Davon profitieren in besonderem Ma\u00dfe die Studierenden der unterschiedlichen Studieng\u00e4nge wie Textil- Bekleidungstechnik, Design-Ingenieur oder Textile and Clothing Management. Sie werden regelm\u00e4\u00dfig mit einbezogen, indem sie im Rahmen von Bachelor- oder Masterarbeiten mit forschen oder eigene Praxisprojekte realisieren. Rund 1400 junge Talente sind am Fachbereich eingeschrieben und tragen an verschiedenen Stellen mit ihrer Kreativit\u00e4t und ihrem Engagement zur Probleml\u00f6sung bei \u2013 und werden so parallel f\u00fcr ihren sp\u00e4teren Beruf qualifiziert.<\/p>\n\n\n\n<p>Studierende fr\u00fch an komplexe Probleme und Forschungsaufgaben heranzuf\u00fchren, war schon immer ein gro\u00dfes Ziel der HSNR. Einen wichtigen Meilenstein erreichte der Fachbereich Anfang der 2000er Jahre mit neuen Pr\u00fcfungsordnungen f\u00fcr Bachelor- und Masterstudieng\u00e4nge in deutscher und englischer Sprache.<\/p>\n\n\n\n<p>Um sich von den bisherigen Diplomstudieng\u00e4ngen st\u00e4rker abzugrenzen, sollte die Forschung mehr Gewicht bekommen. 2009 wurde schlie\u00dflich aus einer Kompetenzplattform ein eigenst\u00e4ndiges Forschungsinstitut.<\/p>\n\n\n\n<p>Die Aufnahme des FTB in das Forschungskuratorium Textil war ein T\u00fcr\u00f6ffner, der die Bewerbung um Forschungsprojekte bei der Industriellen Gemeinschaftsforschung (IGF) erm\u00f6glichte. Mit den ersten IGF-Projekten kamen auch der Erfolg bei anderen F\u00f6rderrichtlinien und der Ausbau der Industriekooperationen.<\/p>\n\n\n\n<p>Seitdem hat sich das Institut zu einer festen Gr\u00f6\u00dfe in der Textilforschung im In- und Ausland entwickelt und besch\u00e4ftigt heute rund 40 Forschende sowie in jedem Semester rund 30 Studierende.<\/p>\n\n\n\n<p>Quelle: <a href=\"http:\/\/www.hs-niederrhein.de\">Hochschule Niederrhein<\/a><\/p>\n\n\n<figure class=\"wp-block-post-featured-image\"><img loading=\"lazy\" decoding=\"async\" width=\"1920\" height=\"2560\" src=\"https:\/\/standort-niederrhein.de\/wp-content\/uploads\/2024\/05\/2024-05-23-15-Jahre-FTB-scaled.jpg\" class=\"attachment-post-thumbnail size-post-thumbnail wp-post-image\" alt=\"\" style=\"object-fit:cover;\" srcset=\"https:\/\/standort-niederrhein.de\/wp-content\/uploads\/2024\/05\/2024-05-23-15-Jahre-FTB-scaled.jpg 1920w, https:\/\/standort-niederrhein.de\/wp-content\/uploads\/2024\/05\/2024-05-23-15-Jahre-FTB-1280x1707.jpg 1280w, https:\/\/standort-niederrhein.de\/wp-content\/uploads\/2024\/05\/2024-05-23-15-Jahre-FTB-980x1307.jpg 980w, https:\/\/standort-niederrhein.de\/wp-content\/uploads\/2024\/05\/2024-05-23-15-Jahre-FTB-480x640.jpg 480w\" sizes=\"(min-width: 0px) and (max-width: 480px) 480px, (min-width: 481px) and (max-width: 980px) 980px, (min-width: 981px) and (max-width: 1280px) 1280px, (min-width: 1281px) 1920px, 100vw\" \/><\/figure>\n\n\n<p>Feierten das 15-j\u00e4hrige Bestehen des Forschungsinstituts f\u00fcr Textil und Bekleidung an der HSNR (von links): Markus Schmitz (Vorsitzender des F\u00f6rdervereins), Felix Heinrichs (Oberb\u00fcrgermeister M\u00f6nchengladbach), Dr. Thomas Gr\u00fcnewald (Pr\u00e4sident der HSNR, Dr. Christian Feiler (Ministerium f\u00fcr Wirtschaft, Industrie, Klimaschutz und Energie des Landes NRW), Prof. Dr. Lutz Vossebein (Dekan des Fachbereichs Textil- und Bekleidungstechnik), Detlef Braun (Textilakademie), Prof. Dr. Maike Rabe (Institutsleiterin, hier mit dem Outfit \u201eTo appear as we please\u201c der Absolventin Nadine Gottwald), Prof. Dr. Rudolf Voller (ehemaliger Dekan des Fachbereichs) und Prof. Dr. Marie-Louise Klotz (ehemalige Dekanin des Fachbereichs). | Foto: Hochschule Niederrhein<\/p>\n","protected":false},"excerpt":{"rendered":"<p>M\u00f6nchengladbach. Das Forschungsinstitut f\u00fcr Textil und Bekleidung (FTB) der Hochschule Niederrhein (HSNR) treibt das Thema Forschung seit 2009 konsequent voran. Von der Kompetenzplattform mit wenigen Mitarbeitenden zum eigenst\u00e4ndigen Institut mit rund 40 Besch\u00e4ftigten: Das musste gefeiert werden. Eingebettet in Deutschlands gr\u00f6\u00dfte Recruiting- und Innovationsmesse der Textil- und Bekleidungsbranche \u201eMG ZIEHT AN\u201c am Campus M\u00f6nchengladbach feierte [&hellip;]<\/p>\n","protected":false},"author":3,"featured_media":4156,"comment_status":"closed","ping_status":"closed","sticky":false,"template":"","format":"standard","meta":{"_et_pb_use_builder":"","_et_pb_old_content":"","_et_gb_content_width":"","footnotes":""},"categories":[1],"tags":[],"class_list":["post-4155","post","type-post","status-publish","format-standard","has-post-thumbnail","hentry","category-allgemein"],"_links":{"self":[{"href":"https:\/\/standort-niederrhein.de\/en\/wp-json\/wp\/v2\/posts\/4155","targetHints":{"allow":["GET"]}}],"collection":[{"href":"https:\/\/standort-niederrhein.de\/en\/wp-json\/wp\/v2\/posts"}],"about":[{"href":"https:\/\/standort-niederrhein.de\/en\/wp-json\/wp\/v2\/types\/post"}],"author":[{"embeddable":true,"href":"https:\/\/standort-niederrhein.de\/en\/wp-json\/wp\/v2\/users\/3"}],"replies":[{"embeddable":true,"href":"https:\/\/standort-niederrhein.de\/en\/wp-json\/wp\/v2\/comments?post=4155"}],"version-history":[{"count":2,"href":"https:\/\/standort-niederrhein.de\/en\/wp-json\/wp\/v2\/posts\/4155\/revisions"}],"predecessor-version":[{"id":4158,"href":"https:\/\/standort-niederrhein.de\/en\/wp-json\/wp\/v2\/posts\/4155\/revisions\/4158"}],"wp:featuredmedia":[{"embeddable":true,"href":"https:\/\/standort-niederrhein.de\/en\/wp-json\/wp\/v2\/media\/4156"}],"wp:attachment":[{"href":"https:\/\/standort-niederrhein.de\/en\/wp-json\/wp\/v2\/media?parent=4155"}],"wp:term":[{"taxonomy":"category","embeddable":true,"href":"https:\/\/standort-niederrhein.de\/en\/wp-json\/wp\/v2\/categories?post=4155"},{"taxonomy":"post_tag","embeddable":true,"href":"https:\/\/standort-niederrhein.de\/en\/wp-json\/wp\/v2\/tags?post=4155"}],"curies":[{"name":"wp","href":"https:\/\/api.w.org\/{rel}","templated":true}]}}