{"id":4148,"date":"2024-05-26T06:00:00","date_gmt":"2024-05-26T04:00:00","guid":{"rendered":"https:\/\/invest-in-niederrhein.de\/?p=4148"},"modified":"2024-05-22T09:18:52","modified_gmt":"2024-05-22T07:18:52","slug":"power-fuer-die-mobilitaetswende-ladepark-von-aral-pulse-erhaelt-stromanbindung","status":"publish","type":"post","link":"https:\/\/standort-niederrhein.de\/en\/2024\/05\/26\/power-fuer-die-mobilitaetswende-ladepark-von-aral-pulse-erhaelt-stromanbindung\/","title":{"rendered":"Power f\u00fcr die Mobilit\u00e4tswende: Ladepark von Aral pulse erh\u00e4lt Stromanbindung"},"content":{"rendered":"\n<p><strong>M\u00f6nchengladbach.<\/strong> Der geplante Ladepark von Aral pulse in M\u00f6nchengladbach nimmt konkrete Formen an. Oberb\u00fcrgermeister Felix Heinrichs, Aral-Vorstand Alexander Junge,\u00a0\u00a0 Dr. Ulrich Sch\u00fcckhaus, Vorsitzender der Gesch\u00e4ftsf\u00fchrung der EWMG, Rainer Bonhof, Pr\u00e4sident von Borussia M\u00f6nchengladbach sowie die PPG-Gesch\u00e4ftsf\u00fchrer Lars Randerath und Bernhard Nie\u00dfen machten sich vor Ort ein Bild vom Baufortschritt der Anlage. Vor wenigen Tagen wurde der Trafo f\u00fcr den Ladepark aufgestellt, \u00fcber den die Anbindung an das Stromnetz erfolgt. In einer Partnerschaft zwischen Aral pulse, der E-Mobilit\u00e4tsmarke von Aral, und der PPG-Nordpark, einem Gemeinschaftsunternehmen der Entwicklungsgesellschaft der Stadt M\u00f6nchengladbach und Borussia M\u00f6nchengladbach, entsteht in unmittelbarer N\u00e4he zur Autobahn A61 der erste reine Ladepark von Aral pulse in Deutschland.<\/p>\n\n\n\n<p>\u201eDer Starkregen der letzten Wochen hat alle auf der Baustelle vor einige Herausforderungen gestellt. Umso mehr freut es mich, dass wir bereits heute hier vor dem Herzst\u00fcck des Ladeparks stehen k\u00f6nnen&#8221;, lobt PPG-Gesch\u00e4ftsf\u00fchrer Lars Randerath. F\u00fcr den 60 Tonnen-Trafo inklusive Logistik mit Schwertransport und einem 300-Tonnen Lastenkran hatte die PPG ein tragfestes Planum vorbereiten lassen und dieses an Aral pulse \u00fcbergeben.<\/p>\n\n\n\n<p>Alexander Junge, Aral Vorstand f\u00fcr Elektromobilit\u00e4t, erkl\u00e4rt: \u201eTag f\u00fcr Tag w\u00e4chst das Ultraschnell-Ladenetz von Aral pulse. Inzwischen haben wir mehr als 2.600 Ladepunkte an \u00fcber 370 Stationen in Deutschland am Netz. Bis 2030 wollen wir bis zu 20.000 Ladepunkte installieren. Je nach Batterietechnik k\u00f6nnen in M\u00f6nchengladbach innerhalb von 10 Minuten rund 300 Kilometer Reichweite geladen werden. Auch ein Grund, warum Aral pulse im letzten Jahr beim Connect Ladenetztest zum besten Schnellladeanbieter in Deutschland gek\u00fcrt wurde.&#8221;<\/p>\n\n\n\n<p>Der Ladepark in M\u00f6nchengladbach wird 14 Ultraschnell-Lades\u00e4ulen mit einer Leistung von jeweils bis zu 400 Kilowatt umfassen. Jede Lades\u00e4ule wird zwei Ladepunkte bieten, was insgesamt 28 Ladebuchten f\u00fcr Elektroautos bedeutet. Dies wird die gr\u00f6\u00dfte Anlage von Aral pulse in Deutschland sein. Die Fertigstellung ist f\u00fcr den Herbst 2024 geplant.<\/p>\n\n\n\n<p>Aktuell werden auf dem Baufeld des Ladeparks die Fundamente hergestellt, auf welche dann die Schnelllades\u00e4ulen, die Photovoltaik-anlage sowie ein intelligentes Shopangebot mit gem\u00fctlichem Aufenthaltsbereich aufsetzen. Auf dem gesamten Parkplatz P8 werden in den n\u00e4chsten Schritten rund 500 Meter Entw\u00e4sserungsleitungen und knapp ein Kilometer Leerrohre f\u00fcr die Datentechnik des Parksystems und die Beleuchtungsanlage verlegt.<\/p>\n\n\n\n<p>\u201eIch freue mich sehr, dass wir mit Aral pulse einen starken Partner gefunden haben, mit dem wir gemeinsam die in unserer Stadt bereits eingel\u00e4utete Mobilit\u00e4tswende und den damit verbundenen Ausbau der Ladeinfrastruktur auf ein neues Level heben k\u00f6nnen&#8221;, so M\u00f6nchengladbachs Oberb\u00fcrgermeister Felix Heinrichs.<\/p>\n\n\n\n<p>Alle Ladepunkte von Aral pulse werden mit zertifiziertem \u00d6kostrom betrieben. An den Lades\u00e4ulen stehen den Kunden verschiedene Bezahlm\u00f6glichkeiten zur Verf\u00fcgung, darunter Kartenterminals (Kreditkarte, Debitkarte, Google und Apple Pay), Zahlung per QR-Code am Ladestecker (Kreditkarte, PayPal), Zahlung \u00fcber die Aral pulse App, Aral pulse Ladekarte, meinAral App und die M\u00f6glichkeit zur Zahlung \u00fcber den Fahrstromanbieter (eMSP) via Ladekarte, -app und Plug&amp;Charge.<\/p>\n\n\n\n<p>Der Standort des Ladeparks in unmittelbarer N\u00e4he zur A61 und fu\u00dfl\u00e4ufig zum Borussia-Park, SparkassenPark und Red Box ist \u00e4u\u00dferst attraktiv. Das Gewerbegebiet Nordpark, das nur drei Kilometer vom Stadtzentrum entfernt liegt, bietet derzeit mehr als 6000 Menschen Arbeitspl\u00e4tze und verzeichnet ein stetiges Wachstum. Um diesen Erfolg fortzusetzen, wurde beschlossen, den aktuellen Behelfsparkplatz P8 in eine zukunftsf\u00e4hige L\u00f6sung zu \u00fcberf\u00fchren.<\/p>\n\n\n\n<p>Der Ausbau des Parkplatzes P8 umfasst fast 500 Stellpl\u00e4tze mit versickerungsf\u00e4higem \u00d6kopflasterstein. Eine intelligente Beleuchtungssteuerung mit LED-Technik wird f\u00fcr Sicherheit und Energieeffizienz sorgen. Der Parkplatz wird durch ein digitales Kennzeichenerfassungssystem ticket- und bargeldlos betrieben. Sowohl der Parkplatz als auch der Schnellladepark werden rund um die Uhr f\u00fcr Veranstaltungsbesucher, Mitarbeiter im Nordpark und alle anderen Ladekunden ge\u00f6ffnet sein.<\/p>\n\n\n\n<p><strong>\u00dcber die PPG-Nordpark GmbH:<\/strong><br>Die PPG-Nordpark GmbH, ein Gemeinschaftsunternehmen von EWMG (60%) und Borussia M\u00f6nchengladbach (40%), bewirtschaftet seit 2004 die Parkfl\u00e4chen mit ca. 10.000 Einzelstellpl\u00e4tzen im Nordpark M\u00f6nchengladbach. Dabei geht es vor allem um die professionelle Steuerung des ruhenden Verkehrs rund um die Event- und Sportst\u00e4tten Borussia-Park, SparkassenPark und Red Box sowie um die Vermarktung des Messegel\u00e4ndes an der Gladbacher Stra\u00dfe, welches f\u00fcr Veranstaltungen aller Art und Gr\u00f6\u00dfe angemietet werden kann. Dar\u00fcber hinaus ist die PPG innovativer Mobilit\u00e4tsdienstleister f\u00fcr Unternehmen, die sich in der Business-Area ansiedeln und bietet individuelle L\u00f6sungen f\u00fcr deren Parkraumbedarf.<\/p>\n\n\n\n<p><strong>\u00dcber Aral:<\/strong><br>Mit rund 2.400 Tankstellen ist Aral die Nr. 1 in Deutschland, dem wichtigsten europ\u00e4ischen Tankstellenmarkt. Der Qualit\u00e4tsanbieter von Kraft- und Schmierstoffen hat seit 1898 seinen Sitz in Bochum und erfand 1924 den ersten Super-Kraftstoff der Welt, zusammengesetzt aus Aromaten und Aliphaten \u2013 daher auch der Firmenname \u201eAral\u201c. Seit 2002 ist Aral die Tankstellenmarke der bp in Deutschland. Immer mehr Stationen werden mit REWE To Go-Shops ausgestattet und bieten Kundinnen und Kunden ein gro\u00dfes und hochwertiges Angebot an frischen Snacks und warmen Speisen. Au\u00dferdem geh\u00f6rt Aral mit der E-Mobilit\u00e4tsmarke \u201eAral pulse\u201c zu den gr\u00f6\u00dften Anbietern von \u00f6ffentlich zug\u00e4nglichen ultraschnellen Ladestationen in Deutschland.<\/p>\n\n\n\n<p>Quelle: EWMG<\/p>\n\n\n<figure class=\"wp-block-post-featured-image\"><img loading=\"lazy\" decoding=\"async\" width=\"2298\" height=\"1532\" src=\"https:\/\/standort-niederrhein.de\/wp-content\/uploads\/2024\/05\/Ladepark-Nordpark\u00a9PPG-Nordpark-GmbH.jpg\" class=\"attachment-post-thumbnail size-post-thumbnail wp-post-image\" alt=\"\" style=\"object-fit:cover;\" srcset=\"https:\/\/standort-niederrhein.de\/wp-content\/uploads\/2024\/05\/Ladepark-Nordpark\u00a9PPG-Nordpark-GmbH.jpg 2298w, https:\/\/standort-niederrhein.de\/wp-content\/uploads\/2024\/05\/Ladepark-Nordpark\u00a9PPG-Nordpark-GmbH-300x200.jpg 300w, https:\/\/standort-niederrhein.de\/wp-content\/uploads\/2024\/05\/Ladepark-Nordpark\u00a9PPG-Nordpark-GmbH-1024x683.jpg 1024w, https:\/\/standort-niederrhein.de\/wp-content\/uploads\/2024\/05\/Ladepark-Nordpark\u00a9PPG-Nordpark-GmbH-768x512.jpg 768w, https:\/\/standort-niederrhein.de\/wp-content\/uploads\/2024\/05\/Ladepark-Nordpark\u00a9PPG-Nordpark-GmbH-1536x1024.jpg 1536w, https:\/\/standort-niederrhein.de\/wp-content\/uploads\/2024\/05\/Ladepark-Nordpark\u00a9PPG-Nordpark-GmbH-2048x1365.jpg 2048w, https:\/\/standort-niederrhein.de\/wp-content\/uploads\/2024\/05\/Ladepark-Nordpark\u00a9PPG-Nordpark-GmbH-1080x720.jpg 1080w, https:\/\/standort-niederrhein.de\/wp-content\/uploads\/2024\/05\/Ladepark-Nordpark\u00a9PPG-Nordpark-GmbH-1280x853.jpg 1280w, https:\/\/standort-niederrhein.de\/wp-content\/uploads\/2024\/05\/Ladepark-Nordpark\u00a9PPG-Nordpark-GmbH-980x653.jpg 980w, https:\/\/standort-niederrhein.de\/wp-content\/uploads\/2024\/05\/Ladepark-Nordpark\u00a9PPG-Nordpark-GmbH-480x320.jpg 480w\" sizes=\"(max-width: 2298px) 100vw, 2298px\" \/><\/figure>\n\n\n<p>Machten sich ein Bild vom Baufortschritt des Ladeparks (v.l.n.r.): Dr. Ulrich Sch\u00fcckhaus (Vorsitzender der Gesch\u00e4ftsf\u00fchrung der EWMG), Rainer Bonhof (Pr\u00e4sident von Borussia M\u00f6nchengladbach), Oberb\u00fcrgermeister Felix Heinrichs, Aral-Vorstand Alexander Junge, PPG-Gesch\u00e4ftsf\u00fchrer Bernhard Nie\u00dfen und Lars Randerath | Foto: PPG-Nordpark GmbH<\/p>\n","protected":false},"excerpt":{"rendered":"<p>M\u00f6nchengladbach. Der geplante Ladepark von Aral pulse in M\u00f6nchengladbach nimmt konkrete Formen an. Oberb\u00fcrgermeister Felix Heinrichs, Aral-Vorstand Alexander Junge,\u00a0\u00a0 Dr. Ulrich Sch\u00fcckhaus, Vorsitzender der Gesch\u00e4ftsf\u00fchrung der EWMG, Rainer Bonhof, Pr\u00e4sident von Borussia M\u00f6nchengladbach sowie die PPG-Gesch\u00e4ftsf\u00fchrer Lars Randerath und Bernhard Nie\u00dfen machten sich vor Ort ein Bild vom Baufortschritt der Anlage. Vor wenigen Tagen wurde [&hellip;]<\/p>\n","protected":false},"author":3,"featured_media":4149,"comment_status":"closed","ping_status":"closed","sticky":false,"template":"","format":"standard","meta":{"_et_pb_use_builder":"","_et_pb_old_content":"","_et_gb_content_width":"","footnotes":""},"categories":[1],"tags":[],"class_list":["post-4148","post","type-post","status-publish","format-standard","has-post-thumbnail","hentry","category-allgemein"],"_links":{"self":[{"href":"https:\/\/standort-niederrhein.de\/en\/wp-json\/wp\/v2\/posts\/4148","targetHints":{"allow":["GET"]}}],"collection":[{"href":"https:\/\/standort-niederrhein.de\/en\/wp-json\/wp\/v2\/posts"}],"about":[{"href":"https:\/\/standort-niederrhein.de\/en\/wp-json\/wp\/v2\/types\/post"}],"author":[{"embeddable":true,"href":"https:\/\/standort-niederrhein.de\/en\/wp-json\/wp\/v2\/users\/3"}],"replies":[{"embeddable":true,"href":"https:\/\/standort-niederrhein.de\/en\/wp-json\/wp\/v2\/comments?post=4148"}],"version-history":[{"count":1,"href":"https:\/\/standort-niederrhein.de\/en\/wp-json\/wp\/v2\/posts\/4148\/revisions"}],"predecessor-version":[{"id":4150,"href":"https:\/\/standort-niederrhein.de\/en\/wp-json\/wp\/v2\/posts\/4148\/revisions\/4150"}],"wp:featuredmedia":[{"embeddable":true,"href":"https:\/\/standort-niederrhein.de\/en\/wp-json\/wp\/v2\/media\/4149"}],"wp:attachment":[{"href":"https:\/\/standort-niederrhein.de\/en\/wp-json\/wp\/v2\/media?parent=4148"}],"wp:term":[{"taxonomy":"category","embeddable":true,"href":"https:\/\/standort-niederrhein.de\/en\/wp-json\/wp\/v2\/categories?post=4148"},{"taxonomy":"post_tag","embeddable":true,"href":"https:\/\/standort-niederrhein.de\/en\/wp-json\/wp\/v2\/tags?post=4148"}],"curies":[{"name":"wp","href":"https:\/\/api.w.org\/{rel}","templated":true}]}}