{"id":4134,"date":"2024-05-22T06:00:00","date_gmt":"2024-05-22T04:00:00","guid":{"rendered":"https:\/\/invest-in-niederrhein.de\/?p=4134"},"modified":"2024-05-16T11:43:10","modified_gmt":"2024-05-16T09:43:10","slug":"wfmg-zieht-positive-bilanz-fuer-ein-schwieriges-jahr-2023","status":"publish","type":"post","link":"https:\/\/standort-niederrhein.de\/en\/2024\/05\/22\/wfmg-zieht-positive-bilanz-fuer-ein-schwieriges-jahr-2023\/","title":{"rendered":"WFMG zieht positive Bilanz f\u00fcr ein schwieriges Jahr 2023"},"content":{"rendered":"\n<p><strong>M\u00f6nchengladbach.<\/strong> Wachsende Besch\u00e4ftigung, spannende Ansiedlungen, Investitionen in die Zukunft und Unterst\u00fctzungsangebote in wichtigen Bereichen von Innenstadt \u00fcber Startups bis hin zum Fachkr\u00e4ftenachwuchs: Auch wenn 2023 kein einfaches Jahr f\u00fcr den Wirtschaftsstandort war, so \u00fcberwogen doch die Lichtblicke. Dieses Fazit zogen die Gesch\u00e4ftsf\u00fchrung der WFMG \u2013 Wirtschaftsf\u00f6rderung M\u00f6nchengladbach GmbH und ihr Aufsichtsratsvorsitzender, Oberb\u00fcrgermeister Felix Heinrichs, bei der heutigen Jahrespressekonferenz.<\/p>\n\n\n\n<p>Der Wirtschaftsstandort w\u00e4chst: Die Zahl der sozialversicherungspflichtigen Arbeitspl\u00e4tze kletterte zum Stichtag 30. September 2023 leicht auf 106.711, zudem blieb die Arbeitslosenquote im gesamten Kalenderjahr 2023 konsequent einstellig \u2013 trotz diverser Krisen und herausfordernder Rahmenbedingungen. Zugleich darf sich M\u00f6nchengladbach mit seiner Wirtschaftsf\u00f6rderung \u00fcber zukunftstr\u00e4chtige Ansiedlungen wie die Zentrale der SMS group freuen und investiert entweder selbst in die Zukunft oder unterst\u00fctzt im Verbund mit Partnern nach Kr\u00e4ften \u2013 in so unterschiedlichen Feldern wie Glasfaserausbau, Fachkr\u00e4ftenachwuchs-Management, Innenstadtentwicklung, Gr\u00fcndungsunterst\u00fctzung oder Strukturwandel-F\u00f6rderprojekten. \u201eWir d\u00fcrfen also konstatieren, dass wichtige Parameter sich weiterhin positiv entwickeln\u201c, sagte Oberb\u00fcrgermeister und WFMG-Aufsichtsratsvorsitzender Felix Heinrichs bei der heutigen Jahrespressekonferenz in der Textilakademie NRW. \u201eBesonders freuen wir uns \u00fcber einen leichten Besch\u00e4ftigungsaufbau im Bereich des Verarbeitenden Gewerbes, darunter auch der Sparte Textil und Bekleidung.\u201c<\/p>\n\n\n\n<p><strong>Mittelstand investiert knapp 100 Millionen Euro in f\u00fcnf Jahren<\/strong><\/p>\n\n\n\n<p>98,84 Mio. Euro \u2013 das ist die Summe, die der M\u00f6nchengladbacher Mittelstand in den letzten f\u00fcnf Jahren allein \u00fcber das Regionale Wirtschaftsf\u00f6rderungsprogramm (RWP) in den Standort investiert hat. In Immobilien, in Maschinen, in Personal. 22,15 Mio. Euro betrug dabei die H\u00f6he der \u00f6ffentlichen Zusch\u00fcsse \u2013 eine Quote jenseits der 20 Prozent. \u201eDas beweist zwei Dinge: Einerseits gibt es ein erhebliches Mobilisierungspotential des RWP-Programms am Standort M\u00f6nchengladbach f\u00fcr privates Investment\u201c, sagte Dr. Ulrich Sch\u00fcckhaus, Vorsitzender der WFMG-Gesch\u00e4ftsf\u00fchrung. \u201eUnd, was noch wichtiger ist: Die Investitionsbereitschaft des Mittelstands ist ungebrochen hoch.\u201c Dies zeigten auch die Zahlen f\u00fcr 2023. Demnach wurde im vergangenen Jahr seitens der Unternehmen wieder mehr \u00fcber RWP investiert (13,19 Mio. Euro gegen\u00fcber 12,56 Mio. Euro in 2022) und es flossen auch h\u00f6here Zusch\u00fcsse (3,73 Mio. Euro nach 2,15 Mio. Euro in 2022) \u2013 trotz des schwierigen gesamtwirtschaftlichen Umfeldes und erschwerter F\u00f6rderbedingungen. Bei RWP sind in M\u00f6nchengladbach generell h\u00f6here Zusch\u00fcsse <\/p>\n\n\n\n<p>m\u00f6glich als an nahezu allen anderen Standorten in Nordrhein-Westfalen, dementsprechend intensiv ber\u00e4t die WFMG das F\u00f6rderprogramm. Die F\u00f6rderkulisse ist bis mindestens 2027 im jetzigen Zuschnitt gesichert.<\/p>\n\n\n\n<p>Unter den 78 durch die WFMG betreuten Firmenf\u00e4llen im Jahr 2023 fanden sich 21 Expansionen oder Verlagerungen, 14 Neuansiedlungen und 24 F\u00f6rderberatungen \u2013 auch dies ungebrochen gute Werte. Gleichwohl t\u00e4uschten die Zahlen nicht dar\u00fcber hinweg, dass 2023 kein einfaches Jahr gewesen sei, so Sch\u00fcckhaus weiter. \u201eBei etlichen Bauprojekten wurden beispielsweise Bauverpflichtungen nicht erf\u00fcllt, das muss man klipp und klar so sagen.\u201c F\u00fcr 2024 erhoffe er sich zwar eine Wiederbelebung des Marktes. Gleichwohl sei spekulatives Bauen gr\u00f6\u00dftenteils zum Erliegen gekommen, der Mittelstand klage zunehmend \u00fcber Themen wie Auftragsflaute, Fachkr\u00e4ftemangel, Zinsniveau, b\u00fcrokratische H\u00fcrden oder F\u00f6rderbedingungen.<\/p>\n\n\n\n<p>Neben der trotz alledem anhaltenden Investitionsbereitschaft des Mittelstands habe das Wirtschaftsjahr 2023 weitere zentrale Erkenntnisse geliefert, betonte die WFMG-F\u00fchrungsriege um Sch\u00fcckhaus, Gesch\u00e4ftsf\u00fchrer Friedhelm Lange und Prokuristin G\u00fcne\u015f Somt\u00fcrk.<\/p>\n\n\n\n<ul class=\"wp-block-list\">\n<li><em>Der Strukturwandel im Rheinischen Revier wird erlebbar.<\/em> \u201eDie F\u00f6rderprojekte Gr\u00fcndungsfabrik und skillzUP sind 2023 angelaufen, um nun 2024 mit konkreten Angeboten durchzustarten\u201c, so Sch\u00fcckhaus. Das Projekt Innovation Valley Garzweiler etabliere das Rheinische Revier als Demonstrationsraum f\u00fcr innovative Standortkonzepte, und die erste F\u00f6rdertranche f\u00fcr den Wissenscampus erm\u00f6gliche erste Entwicklungen in zentralster Lage.<\/li>\n\n\n\n<li><em>Die Textilfabrik der Zukunft nimmt Formen an.<\/em> \u201eNicht umsonst haben wir als Ort unserer Jahrespressekonferenz die Textilakademie und damit sozusagen den Mantel der ,MG ZIEHT AN\u2018 gew\u00e4hlt\u201c, so Sch\u00fcckhaus. Die Textil- und Bekleidungsbranche genie\u00dfe f\u00fcr M\u00f6nchen-gladbach unvermindert gro\u00dfen Stellenwert. \u201e\u00dcbermorgen findet hier an Ort und Stelle die Gr\u00fcndung der T7 Management GmbH statt, also die Geburt der sp\u00e4teren Textilfabrik 7.0.\u201c\u00a0<\/li>\n\n\n\n<li><em>Das Glasfaser-Ausbautempo steigt erneut. <\/em>\u201eDie Vollversorgung der Gewerbegebiete r\u00fcckt in greifbare N\u00e4he, der Ausbau in den Innenst\u00e4dten von Gladbach und Rheydt durch die Telekom ist bereits abgeschlossen\u201c, so Lange. Dank dem weiteren Ausbaupartner Deutsche GigaNetz seien mehrere Projekte in Au\u00dfenbezirken seit 2023 in Vorbereitung, die im laufenden Jahr nun sukzessive in die Umsetzung gingen.<\/li>\n\n\n\n<li><em>Der Schulterschluss der Innenstadt-Akteure tr\u00e4gt Fr\u00fcchte. <\/em>\u201eSeit September 2023 erh\u00e4lt der Austausch zwischen Handel und Gastronomie sowie Vertretern der Stadt \u00fcber das Format ,CityFr\u00fchst\u00fcck\u2018 neuen Aufschwung\u201c, sagte Lange. Die gesammelten Ideen m\u00fcndeten nun 2024 in konkrete Ma\u00dfnahmen. \u201eBeispiele daf\u00fcr sind Themen wie Social-Media-Coaching f\u00fcr H\u00e4ndler, aber auch ein konzertiertes Marketing f\u00fcr die Weihnachtszeit \u00fcber die MGMG.\u201c<\/li>\n\n\n\n<li><em>Hochwertiger Fachkr\u00e4ftenachwuchs st\u00e4rkt den Ausbau der Wissenswirtschaft. <\/em>Erstmals eine eigene Personalstelle f\u00fcr die MGconnect-Stiftung, neue Business-Tag-Formate, ein neuer j\u00e4hrlicher Turnus f\u00fcr die Messe \u201eBeruf konkret\u201c sowie eine breite Angebotspalette von zdi \u00fcber JuniorUni bis skillzUP: \u201eIm Bereich Fachkr\u00e4ftenachwuchsmanagement konnte die WFMG noch einmal richtig Kapazit\u00e4ten hochfahren\u201c, sagte Lange.<\/li>\n\n\n\n<li><em>Der Wirtschaftsstandort schreibt an seiner Zukunft. <\/em>OB Heinrichs betonte, dass derzeit an verschiedenen Stellschrauben gedreht werde, um M\u00f6nchengladbach zu transformieren. \u201eDas reicht von der Potenzialanalyse \u00fcber die Identifizierung besonders strukturwandel-relevanter Gewerbefl\u00e4chen bis hin zu einem zukunftsorientierten Markenkonzept.\u201c<\/li>\n\n\n\n<li><em>M\u00f6nchengladbach tut gut daran, mehr Internationalit\u00e4t und Diversit\u00e4t zu wagen. <\/em>Nicht zuf\u00e4llig f\u00fchrte die gemeinsame Sommertour von OB Heinrichs und WFMG 2023 zu internationalen, in der Stadt ans\u00e4ssigen Firmen. Diese \u2013 und Fachkr\u00e4fte mit Migrationsgeschichte \u2013 sind f\u00fcr den Erfolg eines Wirtschaftsstandorts unerl\u00e4sslich. \u201eDer demografische Wandel wird den Bedarf an ausl\u00e4ndischen Fachkr\u00e4ften noch weiter verst\u00e4rken\u201c, sagte Lange. Mit Somt\u00fcrks internationaler Expertise, aber auch grenz-\u00fcbergreifend ausgerichteten Stellenprofilen etwa \u00fcber das \u201eHealthy Building Movement\u201c konnte die WFMG selbst Ende 2023\/Anfang 2024 ihr Personaltableau vervollst\u00e4ndigen.<\/li>\n\n\n\n<li><em>Startups profitieren von passgenauem Coaching. <\/em>2023 konnte das Instrumentarium der Startup-F\u00f6rderung erweitert werden. Es reicht von kostenfreien Arbeitspl\u00e4tzen auf Zeit bei der MGMG \u00fcber das Gr\u00fcndungsstipendium NRW, Mentoring und Meetups von nextMG sowie zahlreiche Workshops und Netzwerkevents bei der Gr\u00fcndungsfabrik bis hin zu individuell auf die konkreten Bedarfe von Startups angepassten 1:1-Coaching-Sessions.<\/li>\n\n\n\n<li><em>Die Synergieeffekte mit Partnergesellschaften greifen. <\/em>Seitdem die MGMG mit an die Steinmetzstra\u00dfe zog, wurden Austausch und Kooperation mit der WFMG nochmals intensiviert \u2013 was sich im Bereich der Innenstadtentwicklung, aber auch bei Projekten wie dem \u201eSmartCity-Summit.Niederrhein\u201c niederschl\u00e4gt. \u201eWir sprechen in diesem Kontext aber auch von mehr als 150.000 Quadratmetern Entwicklungsfl\u00e4che am Flughafen, die wir mit der Flughafengesellschaft an den Markt bringe wollen\u201c, sagte Lange. \u201eUnd davon, dass der von der EWMG-Tochter PPG-Nordpark mit erm\u00f6glichte Schnellladepark von Aral pulse den Nordpark mobilit\u00e4tstechnisch aufs n\u00e4chste Level hebt.\u201c<\/li>\n<\/ul>\n\n\n\n<p>Quelle: <a href=\"http:\/\/www.wfmg.de\">WFMG<\/a><\/p>\n\n\n<figure class=\"wp-block-post-featured-image\"><img loading=\"lazy\" decoding=\"async\" width=\"2500\" height=\"1662\" src=\"https:\/\/standort-niederrhein.de\/wp-content\/uploads\/2024\/05\/PMWFMG-2024-05-15-Jahrespressekonferenz.jpg\" class=\"attachment-post-thumbnail size-post-thumbnail wp-post-image\" alt=\"\" style=\"object-fit:cover;\" srcset=\"https:\/\/standort-niederrhein.de\/wp-content\/uploads\/2024\/05\/PMWFMG-2024-05-15-Jahrespressekonferenz.jpg 2500w, https:\/\/standort-niederrhein.de\/wp-content\/uploads\/2024\/05\/PMWFMG-2024-05-15-Jahrespressekonferenz-1280x851.jpg 1280w, https:\/\/standort-niederrhein.de\/wp-content\/uploads\/2024\/05\/PMWFMG-2024-05-15-Jahrespressekonferenz-980x652.jpg 980w, https:\/\/standort-niederrhein.de\/wp-content\/uploads\/2024\/05\/PMWFMG-2024-05-15-Jahrespressekonferenz-480x319.jpg 480w\" sizes=\"(min-width: 0px) and (max-width: 480px) 480px, (min-width: 481px) and (max-width: 980px) 980px, (min-width: 981px) and (max-width: 1280px) 1280px, (min-width: 1281px) 2500px, 100vw\" \/><\/figure>\n\n\n<p>Oberb\u00fcrgermeister Felix Heinrichs (2.v.r.), Dr. Ulrich Sch\u00fcckhaus (Vorsitzender der WFMG-Gesch\u00e4ftsf\u00fchrung, r.), Friedhelm Lange (Gesch\u00e4ftsf\u00fchrer, l.) und G\u00fcne\u015f Somt\u00fcrk (Prokuristin) | Foto: Carlos Albuquerque f\u00fcr WFMG<\/p>\n","protected":false},"excerpt":{"rendered":"<p>M\u00f6nchengladbach. Wachsende Besch\u00e4ftigung, spannende Ansiedlungen, Investitionen in die Zukunft und Unterst\u00fctzungsangebote in wichtigen Bereichen von Innenstadt \u00fcber Startups bis hin zum Fachkr\u00e4ftenachwuchs: Auch wenn 2023 kein einfaches Jahr f\u00fcr den Wirtschaftsstandort war, so \u00fcberwogen doch die Lichtblicke. Dieses Fazit zogen die Gesch\u00e4ftsf\u00fchrung der WFMG \u2013 Wirtschaftsf\u00f6rderung M\u00f6nchengladbach GmbH und ihr Aufsichtsratsvorsitzender, Oberb\u00fcrgermeister Felix Heinrichs, bei [&hellip;]<\/p>\n","protected":false},"author":3,"featured_media":4135,"comment_status":"closed","ping_status":"closed","sticky":false,"template":"","format":"standard","meta":{"_et_pb_use_builder":"","_et_pb_old_content":"","_et_gb_content_width":"","footnotes":""},"categories":[1],"tags":[],"class_list":["post-4134","post","type-post","status-publish","format-standard","has-post-thumbnail","hentry","category-allgemein"],"_links":{"self":[{"href":"https:\/\/standort-niederrhein.de\/en\/wp-json\/wp\/v2\/posts\/4134","targetHints":{"allow":["GET"]}}],"collection":[{"href":"https:\/\/standort-niederrhein.de\/en\/wp-json\/wp\/v2\/posts"}],"about":[{"href":"https:\/\/standort-niederrhein.de\/en\/wp-json\/wp\/v2\/types\/post"}],"author":[{"embeddable":true,"href":"https:\/\/standort-niederrhein.de\/en\/wp-json\/wp\/v2\/users\/3"}],"replies":[{"embeddable":true,"href":"https:\/\/standort-niederrhein.de\/en\/wp-json\/wp\/v2\/comments?post=4134"}],"version-history":[{"count":1,"href":"https:\/\/standort-niederrhein.de\/en\/wp-json\/wp\/v2\/posts\/4134\/revisions"}],"predecessor-version":[{"id":4136,"href":"https:\/\/standort-niederrhein.de\/en\/wp-json\/wp\/v2\/posts\/4134\/revisions\/4136"}],"wp:featuredmedia":[{"embeddable":true,"href":"https:\/\/standort-niederrhein.de\/en\/wp-json\/wp\/v2\/media\/4135"}],"wp:attachment":[{"href":"https:\/\/standort-niederrhein.de\/en\/wp-json\/wp\/v2\/media?parent=4134"}],"wp:term":[{"taxonomy":"category","embeddable":true,"href":"https:\/\/standort-niederrhein.de\/en\/wp-json\/wp\/v2\/categories?post=4134"},{"taxonomy":"post_tag","embeddable":true,"href":"https:\/\/standort-niederrhein.de\/en\/wp-json\/wp\/v2\/tags?post=4134"}],"curies":[{"name":"wp","href":"https:\/\/api.w.org\/{rel}","templated":true}]}}