{"id":4131,"date":"2024-05-20T06:00:00","date_gmt":"2024-05-20T04:00:00","guid":{"rendered":"https:\/\/invest-in-niederrhein.de\/?p=4131"},"modified":"2024-05-16T11:37:13","modified_gmt":"2024-05-16T09:37:13","slug":"wirtschaftsfoerderin-begruesst-neuen-unternehmer-in-grefrath","status":"publish","type":"post","link":"https:\/\/standort-niederrhein.de\/en\/2024\/05\/20\/wirtschaftsfoerderin-begruesst-neuen-unternehmer-in-grefrath\/","title":{"rendered":"Wirtschaftsf\u00f6rderin begr\u00fc\u00dft neuen Unternehmer in Grefrath"},"content":{"rendered":"\n<p><strong>Grefrath.<\/strong> Ein neues Gesch\u00e4ft an der Hohe Stra\u00dfe: Wirtschaftsf\u00f6rderin Laura B\u00fcrkert war zu Gast bei \u201eH\u00f6rakustik Meyer\u201c von Inhaber Marcel Meyer an der Hohe Stra\u00dfe 43, um ihm zur Er\u00f6ffnung in dem frisch renovierten Ladenlokal zu gratulieren.<\/p>\n\n\n\n<p>Marcel Meyer, geboren und aufgewachsen am Niederrhein, begann 2008 die Ausbildung zum H\u00f6rger\u00e4teakustiker bei seinem Onkel \u201eH\u00f6rger\u00e4te Scheerer\u201c in Kleve. \u201eDa mir bereits nach wenigen Wochen klar war, dass der Beruf des H\u00f6rakustikers mein Traumberuf ist, habe ich 2012 &#8211; ein Jahr nach meinem Bestehen der Gesellenpr\u00fcfung &#8211; die Meisterpr\u00fcfung erfolgreich abgelegt\u201c, berichtet er. Er habe bisher sowohl f\u00fcr kleine Familienunternehmen als auch Gro\u00dfkonzerne gearbeitet, in der Funktion als H\u00f6rakustikmeister sowie Fachgesch\u00e4ftsleitung. Ziemlich schnell habe sich f\u00fcr ihn herauskristallisiert, dass f\u00fcr ihn die Selbstst\u00e4ndigkeit der richtige Weg ist.<\/p>\n\n\n\n<p>Quelle: <a href=\"http:\/\/www.grefrath.de\">Gemeinde Grefrath<\/a><\/p>\n\n\n<figure class=\"wp-block-post-featured-image\"><img loading=\"lazy\" decoding=\"async\" width=\"1920\" height=\"2560\" src=\"https:\/\/standort-niederrhein.de\/wp-content\/uploads\/2024\/05\/2024-05-Wirtschaftsfoerderung-Hoergeraeteaktustik-Meyer-scaled.jpg\" class=\"attachment-post-thumbnail size-post-thumbnail wp-post-image\" alt=\"\" style=\"object-fit:cover;\" srcset=\"https:\/\/standort-niederrhein.de\/wp-content\/uploads\/2024\/05\/2024-05-Wirtschaftsfoerderung-Hoergeraeteaktustik-Meyer-scaled.jpg 1920w, https:\/\/standort-niederrhein.de\/wp-content\/uploads\/2024\/05\/2024-05-Wirtschaftsfoerderung-Hoergeraeteaktustik-Meyer-1280x1707.jpg 1280w, https:\/\/standort-niederrhein.de\/wp-content\/uploads\/2024\/05\/2024-05-Wirtschaftsfoerderung-Hoergeraeteaktustik-Meyer-980x1307.jpg 980w, https:\/\/standort-niederrhein.de\/wp-content\/uploads\/2024\/05\/2024-05-Wirtschaftsfoerderung-Hoergeraeteaktustik-Meyer-480x640.jpg 480w\" sizes=\"(min-width: 0px) and (max-width: 480px) 480px, (min-width: 481px) and (max-width: 980px) 980px, (min-width: 981px) and (max-width: 1280px) 1280px, (min-width: 1281px) 1920px, 100vw\" \/><\/figure>\n\n\n<p>Marcel Meyer und Laura B\u00fcrkert | Foto: Gemeinde Grefrath<br><br><\/p>\n","protected":false},"excerpt":{"rendered":"<p>Grefrath. Ein neues Gesch\u00e4ft an der Hohe Stra\u00dfe: Wirtschaftsf\u00f6rderin Laura B\u00fcrkert war zu Gast bei \u201eH\u00f6rakustik Meyer\u201c von Inhaber Marcel Meyer an der Hohe Stra\u00dfe 43, um ihm zur Er\u00f6ffnung in dem frisch renovierten Ladenlokal zu gratulieren. Marcel Meyer, geboren und aufgewachsen am Niederrhein, begann 2008 die Ausbildung zum H\u00f6rger\u00e4teakustiker bei seinem Onkel \u201eH\u00f6rger\u00e4te Scheerer\u201c [&hellip;]<\/p>\n","protected":false},"author":3,"featured_media":4132,"comment_status":"closed","ping_status":"closed","sticky":false,"template":"","format":"standard","meta":{"_et_pb_use_builder":"","_et_pb_old_content":"","_et_gb_content_width":"","footnotes":""},"categories":[1],"tags":[],"class_list":["post-4131","post","type-post","status-publish","format-standard","has-post-thumbnail","hentry","category-allgemein"],"_links":{"self":[{"href":"https:\/\/standort-niederrhein.de\/en\/wp-json\/wp\/v2\/posts\/4131","targetHints":{"allow":["GET"]}}],"collection":[{"href":"https:\/\/standort-niederrhein.de\/en\/wp-json\/wp\/v2\/posts"}],"about":[{"href":"https:\/\/standort-niederrhein.de\/en\/wp-json\/wp\/v2\/types\/post"}],"author":[{"embeddable":true,"href":"https:\/\/standort-niederrhein.de\/en\/wp-json\/wp\/v2\/users\/3"}],"replies":[{"embeddable":true,"href":"https:\/\/standort-niederrhein.de\/en\/wp-json\/wp\/v2\/comments?post=4131"}],"version-history":[{"count":1,"href":"https:\/\/standort-niederrhein.de\/en\/wp-json\/wp\/v2\/posts\/4131\/revisions"}],"predecessor-version":[{"id":4133,"href":"https:\/\/standort-niederrhein.de\/en\/wp-json\/wp\/v2\/posts\/4131\/revisions\/4133"}],"wp:featuredmedia":[{"embeddable":true,"href":"https:\/\/standort-niederrhein.de\/en\/wp-json\/wp\/v2\/media\/4132"}],"wp:attachment":[{"href":"https:\/\/standort-niederrhein.de\/en\/wp-json\/wp\/v2\/media?parent=4131"}],"wp:term":[{"taxonomy":"category","embeddable":true,"href":"https:\/\/standort-niederrhein.de\/en\/wp-json\/wp\/v2\/categories?post=4131"},{"taxonomy":"post_tag","embeddable":true,"href":"https:\/\/standort-niederrhein.de\/en\/wp-json\/wp\/v2\/tags?post=4131"}],"curies":[{"name":"wp","href":"https:\/\/api.w.org\/{rel}","templated":true}]}}