{"id":4125,"date":"2024-05-17T07:00:00","date_gmt":"2024-05-17T05:00:00","guid":{"rendered":"https:\/\/invest-in-niederrhein.de\/?p=4125"},"modified":"2024-05-16T11:24:26","modified_gmt":"2024-05-16T09:24:26","slug":"rheinland-hand-in-hand-mit-wirtschaftsministerin-neubaur","status":"publish","type":"post","link":"https:\/\/standort-niederrhein.de\/en\/2024\/05\/17\/rheinland-hand-in-hand-mit-wirtschaftsministerin-neubaur\/","title":{"rendered":"\u201eRheinland Hand in Hand\u201c mit Wirtschaftsministerin Neubaur"},"content":{"rendered":"\n<p><strong>Rheinland\/ Mittlerer Niederrhein. <\/strong>Miteinander ins Gespr\u00e4ch kommen, neue internationale Kontakte kn\u00fcpfen und wirtschaftliche Kooperationen ausloten \u2013 darum ging es bei \u201eRheinland Hand in Hand: Internationale Handelsbeziehungen\u2033 im Schloss Dyck. Die Industrie- und Handelskammer (IHK) Mittlerer Niederrhein hatte im Namen der IHK-Initiative Rheinland zu diesem Netzwerk-Event eingeladen. Mona Neubaur (Ministerin f\u00fcr Wirtschaft, Industrie, Klimaschutz und Energie des Landes NRW), Lidia Nabais (Generalkonsulin von Portugal und Doyenne, Sprecherin des Konsularischen Korps) und zahlreiche Vertreter des konsularischen Korps waren der Einladung gefolgt.<\/p>\n\n\n\n<p>\u201eDas Rheinland ist international\u2033, sagte IHK-Hauptgesch\u00e4ftsf\u00fchrer J\u00fcrgen Steinmetz zur Begr\u00fc\u00dfung. Mehr als jedes achte Unternehmen der gut 580.000 Unternehmen im Rheinland habe einen ausl\u00e4ndischen Inhaber oder ausl\u00e4ndisches Mehrheitskapital. \u201eSie alle profitieren von der hervorragenden Verkehrsanbindung des Rheinlands, der r\u00e4umlichen N\u00e4he zu zahlreichen anwendungsorientierten Forschungseinrichtungen sowie von der Weltoffenheit der Rheinl\u00e4nder\u2033, so Steinmetz. \u201eViele ausl\u00e4ndische Unternehmen bedienen vom Rheinland aus auch ihre europ\u00e4ischen M\u00e4rkte.\u2033 Mit Blick auf die am 9. Juni anstehende Europa-Wahl betonte der IHK-Hauptgesch\u00e4ftsf\u00fchrer: \u201eDie EU ist eine einzigartige Erfolgsgeschichte. Aber:&nbsp;Die Europ\u00e4ische Union muss wettbewerbsf\u00e4higer und unb\u00fcrokratischer werden.\u2033 Steinmetz pl\u00e4dierte f\u00fcr eine kluge, europ\u00e4ische Handelspolitik: \u201eModernen EU-Freihandelsabkommen wird eine entscheidende Bedeutung zukommen. Es sollte alles daf\u00fcr getan werden, dass die Europ\u00e4ische Union die geplanten Abkommen insbesondere mit dem Mercosur, mit Indien, Indonesien und Australien zum Abschluss f\u00fchrt.\u2033<\/p>\n\n\n\n<p>Die Wirtschaftsministerin bedankte sich bei den Industrie- und Handelskammern f\u00fcr ihr eindeutiges Bekenntnis zur EU. \u201eWir sitzen in Europa in einem Boot. Nur gemeinsam k\u00f6nnen wir die Herausforderungen der Zukunft meistern\u2033, sagte Neubaur. Die sich abzeichnende globale Klimakatastrophe sei eine Bedrohung f\u00fcr die ganze Welt. \u201eInnovationsgetriebener Klimaschutz sorgt nicht nur daf\u00fcr, k\u00fcnftigen Generationen gute Bedingungen zum Leben zu bewahren, sondern ist auch ein wirtschaftliches Erfolgsmodell der Zukunft. Das bietet auch unseren kleinen und mittelst\u00e4ndischen Unternehmen vielf\u00e4ltige Chancen.\u2033 Internationale Kooperation und eine freiheitlich-demokratische Grundordnung seien die Voraussetzungen daf\u00fcr. Mit Blick auf den russischen Angriffskrieg in der Ukraine warnte die Ministerin vor der Bedrohung durch autokratische Systeme: \u201eSie wollen unsere Demokratie und Freiheit destabilisieren. Dem setzen wir in NRW eine starke Zivilgesellschaft entgegen. Dazu geh\u00f6ren auch die vielen gro\u00dfen und kleinen und oft auch internationalen Unternehmen in Nordrhein-Westfalen.\u2033<\/p>\n\n\n\n<p>Lidia Nabais, Generalkonsulin von Portugal, bedankte sich im Namen der zahlreichen General- und Honorar-Konsulinnen und -konsule f\u00fcr die Gelegenheit, mehr \u00fcber die wirtschaftlichen M\u00f6glichkeiten im Rheinland zu erfahren. \u201eDas Rheinland ist bereits heute sehr international \u2013 auch im wirtschaftlichen Bereich. Wir tragen gerne dazu bei, Kontakte zu kn\u00fcpfen und wirtschaftliche Kooperationen auszubauen \u2013 davon profitieren alle Beteiligten.\u2033<\/p>\n\n\n\n<p>Zur IHK-Initiative Rheinland (IIR): Die Industrie- und Handelskammern Aachen, Bergische IHK Wuppertal-Solingen-Remscheid, Bonn\/Rhein-Sieg, Duisburg-Wesel-Kleve zu Duisburg, D\u00fcsseldorf und Mittlerer Niederrhein haben sich zur IHK-Initiative Rheinland zusammengeschlossen. Aufgabe der IIR ist die F\u00f6rderung des Wirtschaftsstandortes und der Innovations-Region Rheinland sowie die Etablierung des Rheinlandes als Metropolregion.<\/p>\n\n\n\n<p>Quelle: <a href=\"https:\/\/mittlerer-niederrhein.ihk.de\/de\/oeffentlichkeitsarbeit\/pressemitteilungen\/2024\/-rheinland-hand-in-hand-mit-wirtschaftsministerin-neubaur.html\" data-type=\"page\" data-id=\"3291\">IHK Mittlerer Niederrhein<\/a><\/p>\n\n\n<figure class=\"wp-block-post-featured-image\"><img loading=\"lazy\" decoding=\"async\" width=\"987\" height=\"392\" src=\"https:\/\/standort-niederrhein.de\/wp-content\/uploads\/2024\/05\/rheinland-hand-in-hand-artikel2.jpeg\" class=\"attachment-post-thumbnail size-post-thumbnail wp-post-image\" alt=\"\" style=\"object-fit:cover;\" srcset=\"https:\/\/standort-niederrhein.de\/wp-content\/uploads\/2024\/05\/rheinland-hand-in-hand-artikel2.jpeg 987w, https:\/\/standort-niederrhein.de\/wp-content\/uploads\/2024\/05\/rheinland-hand-in-hand-artikel2-980x389.jpeg 980w, https:\/\/standort-niederrhein.de\/wp-content\/uploads\/2024\/05\/rheinland-hand-in-hand-artikel2-480x191.jpeg 480w\" sizes=\"(min-width: 0px) and (max-width: 480px) 480px, (min-width: 481px) and (max-width: 980px) 980px, (min-width: 981px) 987px, 100vw\" \/><\/figure>\n\n\n<p>\u00a0IHK-Hauptgesch\u00e4ftsf\u00fchrer J\u00fcrgen Steinmetz begr\u00fc\u00dfte zur Veranstaltung \u201eRheinland Hand in Hand\u2033 (v.l.): Iryna Shum (Generalkonsulin der Ukraine), Mona Neubaur (Ministerin f\u00fcr Wirtschaft, Industrie, Klimaschutz und Energie des Landes NRW) und Lidia Nabais (Generalkonsulin von Portugal und Doyenne, Sprecherin des Konsularischen Korps). | Foto: IHK Mittlerer Niederrhein<\/p>\n","protected":false},"excerpt":{"rendered":"<p>Rheinland\/ Mittlerer Niederrhein. Miteinander ins Gespr\u00e4ch kommen, neue internationale Kontakte kn\u00fcpfen und wirtschaftliche Kooperationen ausloten \u2013 darum ging es bei \u201eRheinland Hand in Hand: Internationale Handelsbeziehungen\u2033 im Schloss Dyck. Die Industrie- und Handelskammer (IHK) Mittlerer Niederrhein hatte im Namen der IHK-Initiative Rheinland zu diesem Netzwerk-Event eingeladen. Mona Neubaur (Ministerin f\u00fcr Wirtschaft, Industrie, Klimaschutz und Energie [&hellip;]<\/p>\n","protected":false},"author":3,"featured_media":4126,"comment_status":"closed","ping_status":"closed","sticky":false,"template":"","format":"standard","meta":{"_et_pb_use_builder":"","_et_pb_old_content":"","_et_gb_content_width":"","footnotes":""},"categories":[1],"tags":[],"class_list":["post-4125","post","type-post","status-publish","format-standard","has-post-thumbnail","hentry","category-allgemein"],"_links":{"self":[{"href":"https:\/\/standort-niederrhein.de\/en\/wp-json\/wp\/v2\/posts\/4125","targetHints":{"allow":["GET"]}}],"collection":[{"href":"https:\/\/standort-niederrhein.de\/en\/wp-json\/wp\/v2\/posts"}],"about":[{"href":"https:\/\/standort-niederrhein.de\/en\/wp-json\/wp\/v2\/types\/post"}],"author":[{"embeddable":true,"href":"https:\/\/standort-niederrhein.de\/en\/wp-json\/wp\/v2\/users\/3"}],"replies":[{"embeddable":true,"href":"https:\/\/standort-niederrhein.de\/en\/wp-json\/wp\/v2\/comments?post=4125"}],"version-history":[{"count":1,"href":"https:\/\/standort-niederrhein.de\/en\/wp-json\/wp\/v2\/posts\/4125\/revisions"}],"predecessor-version":[{"id":4127,"href":"https:\/\/standort-niederrhein.de\/en\/wp-json\/wp\/v2\/posts\/4125\/revisions\/4127"}],"wp:featuredmedia":[{"embeddable":true,"href":"https:\/\/standort-niederrhein.de\/en\/wp-json\/wp\/v2\/media\/4126"}],"wp:attachment":[{"href":"https:\/\/standort-niederrhein.de\/en\/wp-json\/wp\/v2\/media?parent=4125"}],"wp:term":[{"taxonomy":"category","embeddable":true,"href":"https:\/\/standort-niederrhein.de\/en\/wp-json\/wp\/v2\/categories?post=4125"},{"taxonomy":"post_tag","embeddable":true,"href":"https:\/\/standort-niederrhein.de\/en\/wp-json\/wp\/v2\/tags?post=4125"}],"curies":[{"name":"wp","href":"https:\/\/api.w.org\/{rel}","templated":true}]}}