{"id":4114,"date":"2024-05-17T06:00:00","date_gmt":"2024-05-17T04:00:00","guid":{"rendered":"https:\/\/invest-in-niederrhein.de\/?p=4114"},"modified":"2024-05-14T10:56:16","modified_gmt":"2024-05-14T08:56:16","slug":"business-fruehstueck-zum-thema-social-media-marketing","status":"publish","type":"post","link":"https:\/\/standort-niederrhein.de\/en\/2024\/05\/17\/business-fruehstueck-zum-thema-social-media-marketing\/","title":{"rendered":"Business-Fr\u00fchst\u00fcck zum Thema Social Media Marketing"},"content":{"rendered":"\n<p><strong>Rhein-Kreis Neuss. <\/strong>Marketing in den Sozialen Medien ist ein wichtiges Instrument f\u00fcr Unternehmen zur Steigerung der Sichtbarkeit, zur weiterf\u00fchrenden Markenst\u00e4rkung sowie bei der Personalrekrutierung. Das war ein zentrales Fazit des Business-Fr\u00fchst\u00fccks, das die Kreiswirtschaftsf\u00f6rderung jetzt in Kooperation mit der Rieck Entsorgungs-Logistik GmbH &amp; Co. KG an deren Firmensitz im Neusser Hafen zum Thema \u201eSocial Media Marketing\u201c ausgerichtet hat.<\/p>\n\n\n\n<p>Rund 20 Teilnehmerinnen und Teilnehmer aus der Chemiebranche, dem IT-Bereich sowie dem Immobilien- und Beratungssektor tauschten sich bei der Veranstaltung mit Vertretern der Kreiswirtschaftsf\u00f6rderung, der Rieck Entsorgungs-Logistik sowie der Agentur Seventy7 GmbH aus. Robert Abts, Leiter der Wirtschaftsf\u00f6rderung Rhein-Kreis Neuss, und Daniel Gartmann, Gesch\u00e4ftsf\u00fchrer der Rieck Entsorgungs-Logistik, f\u00fchrten in das Thema ein und machten auf dessen Bedeutung aufmerksam.<\/p>\n\n\n\n<p>\u201eDie Wirtschaft und unsere Unternehmen stehen unter anderem mit der digitalen Transformation neuen Herausforderungen gegen\u00fcber. Der professionelle Auftritt in sozialen Netzwerken wird zu einem immer wichtiger werdenden Baustein, um sich mit positivem Image unterschiedlichen Zielgruppen zu pr\u00e4sentieren, sei es als Arbeitgeber bei der Suche nach Arbeits- und Fachkr\u00e4ften sowie Auszubildenden oder auch als Unternehmen beim Zielkunden f\u00fcr die eigenen Dienstleistungen und Produkte\u201c, betonte Robert Abts.<\/p>\n\n\n\n<p>Daniel Gartmann machte auf die wachsende Bedeutung von Social Media deutlich. \u201eDie Ausbildung spielt bei der Fachkr\u00e4ftesicherung eine zentrale Rolle. Viele unserer Mitarbeiterinnen und Mitarbeiter haben ihre Ausbildung bei uns durchlaufen und sind seit Jahren Teil unseres Teams. Um potenziellen Nachwuchs noch gezielter anzusprechen, bieten Social-Media-Kan\u00e4le vielf\u00e4ltige M\u00f6glichkeiten \u2013 und die wollen wir gezielt nutzen.\u201c<\/p>\n\n\n\n<p>Das Team der Rieck Entsorgungs-Logistik hat daher zusammen mit Cosima Kissel von der Agentur Seventy7 eine entsprechende Social-Media-Strategie entwickelt. Welche Wege des Onlinemarketings dabei umgesetzt werden, zeigte Cosima Kissel in ihrem Impulsvortrag beim Business-Fr\u00fchst\u00fcck auf.<\/p>\n\n\n\n<p>Die Resonanz auf die Veranstaltung war durchweg positiv. Die Kreiswirtschaftsf\u00f6rderung setzt die Business-Fr\u00fchst\u00fcck-Reihe nach dem Sommer fort.<\/p>\n\n\n\n<p>Quelle: <a href=\"http:\/\/www.rhein-kreis-neuss.de\">Rhein-Kreis Neuss<\/a><\/p>\n\n\n<figure class=\"wp-block-post-featured-image\"><img loading=\"lazy\" decoding=\"async\" width=\"2560\" height=\"1707\" src=\"https:\/\/standort-niederrhein.de\/wp-content\/uploads\/2024\/05\/IMG_9384-scaled.jpg\" class=\"attachment-post-thumbnail size-post-thumbnail wp-post-image\" alt=\"\" style=\"object-fit:cover;\" srcset=\"https:\/\/standort-niederrhein.de\/wp-content\/uploads\/2024\/05\/IMG_9384-scaled.jpg 2560w, https:\/\/standort-niederrhein.de\/wp-content\/uploads\/2024\/05\/IMG_9384-1280x854.jpg 1280w, https:\/\/standort-niederrhein.de\/wp-content\/uploads\/2024\/05\/IMG_9384-980x653.jpg 980w, https:\/\/standort-niederrhein.de\/wp-content\/uploads\/2024\/05\/IMG_9384-480x320.jpg 480w\" sizes=\"(min-width: 0px) and (max-width: 480px) 480px, (min-width: 481px) and (max-width: 980px) 980px, (min-width: 981px) and (max-width: 1280px) 1280px, (min-width: 1281px) 2560px, 100vw\" \/><\/figure>\n\n\n<p>Beim Treffen am Standort der Rieck Entsorgungs-Logistik (v.l.): Daniel Gartmann, Robert Abts, Cosima Kissel, Daniel Radmacher, Janine P\u00f6hler und Myrjam Passing. | Foto:<strong> <\/strong>Rhein-Kreis Neuss<\/p>\n","protected":false},"excerpt":{"rendered":"<p>Rhein-Kreis Neuss. Marketing in den Sozialen Medien ist ein wichtiges Instrument f\u00fcr Unternehmen zur Steigerung der Sichtbarkeit, zur weiterf\u00fchrenden Markenst\u00e4rkung sowie bei der Personalrekrutierung. Das war ein zentrales Fazit des Business-Fr\u00fchst\u00fccks, das die Kreiswirtschaftsf\u00f6rderung jetzt in Kooperation mit der Rieck Entsorgungs-Logistik GmbH &amp; Co. KG an deren Firmensitz im Neusser Hafen zum Thema \u201eSocial Media [&hellip;]<\/p>\n","protected":false},"author":3,"featured_media":4115,"comment_status":"closed","ping_status":"closed","sticky":false,"template":"","format":"standard","meta":{"_et_pb_use_builder":"","_et_pb_old_content":"","_et_gb_content_width":"","footnotes":""},"categories":[1],"tags":[],"class_list":["post-4114","post","type-post","status-publish","format-standard","has-post-thumbnail","hentry","category-allgemein"],"_links":{"self":[{"href":"https:\/\/standort-niederrhein.de\/en\/wp-json\/wp\/v2\/posts\/4114","targetHints":{"allow":["GET"]}}],"collection":[{"href":"https:\/\/standort-niederrhein.de\/en\/wp-json\/wp\/v2\/posts"}],"about":[{"href":"https:\/\/standort-niederrhein.de\/en\/wp-json\/wp\/v2\/types\/post"}],"author":[{"embeddable":true,"href":"https:\/\/standort-niederrhein.de\/en\/wp-json\/wp\/v2\/users\/3"}],"replies":[{"embeddable":true,"href":"https:\/\/standort-niederrhein.de\/en\/wp-json\/wp\/v2\/comments?post=4114"}],"version-history":[{"count":1,"href":"https:\/\/standort-niederrhein.de\/en\/wp-json\/wp\/v2\/posts\/4114\/revisions"}],"predecessor-version":[{"id":4116,"href":"https:\/\/standort-niederrhein.de\/en\/wp-json\/wp\/v2\/posts\/4114\/revisions\/4116"}],"wp:featuredmedia":[{"embeddable":true,"href":"https:\/\/standort-niederrhein.de\/en\/wp-json\/wp\/v2\/media\/4115"}],"wp:attachment":[{"href":"https:\/\/standort-niederrhein.de\/en\/wp-json\/wp\/v2\/media?parent=4114"}],"wp:term":[{"taxonomy":"category","embeddable":true,"href":"https:\/\/standort-niederrhein.de\/en\/wp-json\/wp\/v2\/categories?post=4114"},{"taxonomy":"post_tag","embeddable":true,"href":"https:\/\/standort-niederrhein.de\/en\/wp-json\/wp\/v2\/tags?post=4114"}],"curies":[{"name":"wp","href":"https:\/\/api.w.org\/{rel}","templated":true}]}}