{"id":4111,"date":"2024-05-15T05:00:00","date_gmt":"2024-05-15T03:00:00","guid":{"rendered":"https:\/\/invest-in-niederrhein.de\/?p=4111"},"modified":"2024-05-14T10:53:01","modified_gmt":"2024-05-14T08:53:01","slug":"rhein-kreis-neuss-ist-ehrenbehoerde-der-woche","status":"publish","type":"post","link":"https:\/\/standort-niederrhein.de\/en\/2024\/05\/15\/rhein-kreis-neuss-ist-ehrenbehoerde-der-woche\/","title":{"rendered":"Rhein-Kreis Neuss ist \u201eEhrenbeh\u00f6rde der Woche\u201c"},"content":{"rendered":"\n<p><strong>Rhein-Kreis Neuss. <\/strong>Das Internetportal <a href=\"http:\/\/www.ehrenbehoer.de\">www.ehrenbehoer.de<\/a> aus Oldenburg hat den Rhein-Kreis Neuss als \u201eEhrenbeh\u00f6rde der Woche\u201c ausgezeichnet. Als Begr\u00fcndung wird die \u201eherausragende Leistung und Innovation im Bereich der Beh\u00f6rdenkommunikation\u201c genannt. Mit der Auszeichnung soll auch gezeigt werden, \u201edass Mut zu Innovationen und der Einsatz f\u00fcr eine moderne Kommunikation Anerkennung finden\u201c.<\/p>\n\n\n\n<p>Landrat Hans-J\u00fcrgen Petrauschke ist erfreut \u00fcber die Auszeichnung. \u201eSie ist eine Best\u00e4tigung f\u00fcr die gute und engagierte Arbeit unserer Kreisverwaltung. Unsere Mitarbeiterinnen und Mitarbeiter setzen sich tagt\u00e4glich mit gro\u00dfem Engagement f\u00fcr die B\u00fcrgerinnen und B\u00fcrger im Rhein-Kreis Neuss ein. Das wird mit der Auszeichnung gew\u00fcrdigt und best\u00e4rkt uns darin, unseren Weg tatkr\u00e4ftig und innovativ weiterzugehen\u201c, betont er.&nbsp;&nbsp;&nbsp;<\/p>\n\n\n\n<p>In der Auszeichnungsbegr\u00fcndung wird als Beispiel die digitale Infektionsschutzbelehrung des Rhein-Kreises Neuss angef\u00fchrt. Alle Menschen, die beruflich oder ehrenamtlich mit Lebensmitteln zu tun haben, m\u00fcssen eine Hygienebelehrung nachweisen. Ganz gleich, ob sie ehrenamtlich in der Schulcafeteria mitarbeiten oder zum Servicepersonal von Messen und Veranstaltungen geh\u00f6ren \u2013 sie m\u00fcssen die gesetzlich vorgeschriebene sogenannte Belehrung nach dem Infektionsschutzgesetz (IfSG) absolvieren.<\/p>\n\n\n\n<p>Der Rhein-Kreis Neuss hat hierf\u00fcr vor rund zwei Jahren die IfSG-App, die ausschlie\u00dflich von Interessierten im Kreisgebiet genutzt werden kann, eingef\u00fchrt. Weiterhin angeboten wird zudem die \u201eHygienebelehrung Online\u201c der Technologiezentrum Glehn GmbH. Bereits seit 2018 bietet das Tochterunternehmen des Rhein-Kreises Neuss die Online-Belehrung nicht nur im Rhein-Kreis Neuss, sondern in ganz Deutschland an.<\/p>\n\n\n\n<p>Im Zuge der Auszeichnung zur \u201eEhrenbeh\u00f6rde der Woche\u201c hebt die Auswahlkommission des Internetportals aus Oldenburg zudem die Social-Media-Pr\u00e4senz des Rhein-Kreises Neuss hervor. Mit der nun erfolgten Ehrung hat der Kreis auch die M\u00f6glichkeit, von den \u201eEhrenbeh\u00f6rde\u201c-Machern zur \u201eBeh\u00f6rde des Jahres\u201c gek\u00fcrt zu werden.\u00a0<\/p>\n\n\n\n<p>Quelle: <a href=\"http:\/\/www.rhein-kreis-neuss.de\">Rhein-Kreis Neuss<\/a><\/p>\n\n\n<figure class=\"wp-block-post-featured-image\"><img loading=\"lazy\" decoding=\"async\" width=\"2560\" height=\"1920\" src=\"https:\/\/standort-niederrhein.de\/wp-content\/uploads\/2024\/05\/RKN-Ehrenbehoerde-der-Woche-scaled.jpg\" class=\"attachment-post-thumbnail size-post-thumbnail wp-post-image\" alt=\"\" style=\"object-fit:cover;\" srcset=\"https:\/\/standort-niederrhein.de\/wp-content\/uploads\/2024\/05\/RKN-Ehrenbehoerde-der-Woche-scaled.jpg 2560w, https:\/\/standort-niederrhein.de\/wp-content\/uploads\/2024\/05\/RKN-Ehrenbehoerde-der-Woche-1280x960.jpg 1280w, https:\/\/standort-niederrhein.de\/wp-content\/uploads\/2024\/05\/RKN-Ehrenbehoerde-der-Woche-980x735.jpg 980w, https:\/\/standort-niederrhein.de\/wp-content\/uploads\/2024\/05\/RKN-Ehrenbehoerde-der-Woche-480x360.jpg 480w\" sizes=\"(min-width: 0px) and (max-width: 480px) 480px, (min-width: 481px) and (max-width: 980px) 980px, (min-width: 981px) and (max-width: 1280px) 1280px, (min-width: 1281px) 2560px, 100vw\" \/><\/figure>\n\n\n<p>Freude \u00fcber die Auszeichnung: Landrat Hans-J\u00fcrgen Petrauschke (l.) und IT-Dezernent Harald Vieten. | Foto: Rhein-Kreis Neuss<\/p>\n","protected":false},"excerpt":{"rendered":"<p>Rhein-Kreis Neuss. Das Internetportal www.ehrenbehoer.de aus Oldenburg hat den Rhein-Kreis Neuss als \u201eEhrenbeh\u00f6rde der Woche\u201c ausgezeichnet. Als Begr\u00fcndung wird die \u201eherausragende Leistung und Innovation im Bereich der Beh\u00f6rdenkommunikation\u201c genannt. Mit der Auszeichnung soll auch gezeigt werden, \u201edass Mut zu Innovationen und der Einsatz f\u00fcr eine moderne Kommunikation Anerkennung finden\u201c. Landrat Hans-J\u00fcrgen Petrauschke ist erfreut \u00fcber [&hellip;]<\/p>\n","protected":false},"author":3,"featured_media":4112,"comment_status":"closed","ping_status":"closed","sticky":false,"template":"","format":"standard","meta":{"_et_pb_use_builder":"","_et_pb_old_content":"","_et_gb_content_width":"","footnotes":""},"categories":[1],"tags":[],"class_list":["post-4111","post","type-post","status-publish","format-standard","has-post-thumbnail","hentry","category-allgemein"],"_links":{"self":[{"href":"https:\/\/standort-niederrhein.de\/en\/wp-json\/wp\/v2\/posts\/4111","targetHints":{"allow":["GET"]}}],"collection":[{"href":"https:\/\/standort-niederrhein.de\/en\/wp-json\/wp\/v2\/posts"}],"about":[{"href":"https:\/\/standort-niederrhein.de\/en\/wp-json\/wp\/v2\/types\/post"}],"author":[{"embeddable":true,"href":"https:\/\/standort-niederrhein.de\/en\/wp-json\/wp\/v2\/users\/3"}],"replies":[{"embeddable":true,"href":"https:\/\/standort-niederrhein.de\/en\/wp-json\/wp\/v2\/comments?post=4111"}],"version-history":[{"count":1,"href":"https:\/\/standort-niederrhein.de\/en\/wp-json\/wp\/v2\/posts\/4111\/revisions"}],"predecessor-version":[{"id":4113,"href":"https:\/\/standort-niederrhein.de\/en\/wp-json\/wp\/v2\/posts\/4111\/revisions\/4113"}],"wp:featuredmedia":[{"embeddable":true,"href":"https:\/\/standort-niederrhein.de\/en\/wp-json\/wp\/v2\/media\/4112"}],"wp:attachment":[{"href":"https:\/\/standort-niederrhein.de\/en\/wp-json\/wp\/v2\/media?parent=4111"}],"wp:term":[{"taxonomy":"category","embeddable":true,"href":"https:\/\/standort-niederrhein.de\/en\/wp-json\/wp\/v2\/categories?post=4111"},{"taxonomy":"post_tag","embeddable":true,"href":"https:\/\/standort-niederrhein.de\/en\/wp-json\/wp\/v2\/tags?post=4111"}],"curies":[{"name":"wp","href":"https:\/\/api.w.org\/{rel}","templated":true}]}}