{"id":4099,"date":"2024-05-15T06:00:00","date_gmt":"2024-05-15T04:00:00","guid":{"rendered":"https:\/\/invest-in-niederrhein.de\/?p=4099"},"modified":"2024-05-13T13:23:11","modified_gmt":"2024-05-13T11:23:11","slug":"oberbuergermeister-frank-meyer-wieder-im-vorstand-des-staedtetags-nrw","status":"publish","type":"post","link":"https:\/\/standort-niederrhein.de\/en\/2024\/05\/15\/oberbuergermeister-frank-meyer-wieder-im-vorstand-des-staedtetags-nrw\/","title":{"rendered":"Oberb\u00fcrgermeister Frank Meyer wieder im Vorstand des St\u00e4dtetags NRW"},"content":{"rendered":"\n<p><strong>Krefeld.<\/strong> Krefelds Oberb\u00fcrgermeister Frank Meyer ist mit gro\u00dfer Mehrheit erneut in den Vorstand des St\u00e4dtetags NRW gew\u00e4hlt worden. Bei der Mitgliederversammlung in Neuss unter dem Motto \u201eWir. Machen. Zukunft.\u201c standen mehrere Wahlen an. Unter anderem wurde der Bochumer Oberb\u00fcrgermeister Thomas Eiskirch zum neuen Vorsitzenden gew\u00e4hlt, als Stellvertreter fungieren Thomas Kufen (Essen) und Sibylle Keupen (Aachen). Zehn Vorstandsmitglieder, darunter Frank Meyer, wurden turnusgem\u00e4\u00df wiedergew\u00e4hlt oder sind nun neu im Vorstand. Neben den Wahlen wurde die Neusser Erkl\u00e4rung ver\u00f6ffentlicht. Darin formuliert der Vorstand aus kommunaler Sicht Positionen zu Themen wie Europa, Wohnen, Bildung, Mobilit\u00e4t, Integration und Klimaschutz.<\/p>\n\n\n\n<p>Quelle: <a href=\"http:\/\/www.krefeld.de\">Stadt Krefeld<\/a><\/p>\n\n\n<figure class=\"wp-block-post-featured-image\"><img loading=\"lazy\" decoding=\"async\" width=\"1495\" height=\"806\" src=\"https:\/\/standort-niederrhein.de\/wp-content\/uploads\/2024\/05\/Staedtetag-FM-2.jpg\" class=\"attachment-post-thumbnail size-post-thumbnail wp-post-image\" alt=\"\" style=\"object-fit:cover;\" srcset=\"https:\/\/standort-niederrhein.de\/wp-content\/uploads\/2024\/05\/Staedtetag-FM-2.jpg 1495w, https:\/\/standort-niederrhein.de\/wp-content\/uploads\/2024\/05\/Staedtetag-FM-2-1280x690.jpg 1280w, https:\/\/standort-niederrhein.de\/wp-content\/uploads\/2024\/05\/Staedtetag-FM-2-980x528.jpg 980w, https:\/\/standort-niederrhein.de\/wp-content\/uploads\/2024\/05\/Staedtetag-FM-2-480x259.jpg 480w\" sizes=\"(min-width: 0px) and (max-width: 480px) 480px, (min-width: 481px) and (max-width: 980px) 980px, (min-width: 981px) and (max-width: 1280px) 1280px, (min-width: 1281px) 1495px, 100vw\" \/><\/figure>\n\n\n<p>Foto: Stadt Krefeld<\/p>\n","protected":false},"excerpt":{"rendered":"<p>Krefeld. Krefelds Oberb\u00fcrgermeister Frank Meyer ist mit gro\u00dfer Mehrheit erneut in den Vorstand des St\u00e4dtetags NRW gew\u00e4hlt worden. Bei der Mitgliederversammlung in Neuss unter dem Motto \u201eWir. Machen. Zukunft.\u201c standen mehrere Wahlen an. Unter anderem wurde der Bochumer Oberb\u00fcrgermeister Thomas Eiskirch zum neuen Vorsitzenden gew\u00e4hlt, als Stellvertreter fungieren Thomas Kufen (Essen) und Sibylle Keupen (Aachen). [&hellip;]<\/p>\n","protected":false},"author":3,"featured_media":4100,"comment_status":"closed","ping_status":"closed","sticky":false,"template":"","format":"standard","meta":{"_et_pb_use_builder":"","_et_pb_old_content":"","_et_gb_content_width":"","footnotes":""},"categories":[1],"tags":[],"class_list":["post-4099","post","type-post","status-publish","format-standard","has-post-thumbnail","hentry","category-allgemein"],"_links":{"self":[{"href":"https:\/\/standort-niederrhein.de\/en\/wp-json\/wp\/v2\/posts\/4099","targetHints":{"allow":["GET"]}}],"collection":[{"href":"https:\/\/standort-niederrhein.de\/en\/wp-json\/wp\/v2\/posts"}],"about":[{"href":"https:\/\/standort-niederrhein.de\/en\/wp-json\/wp\/v2\/types\/post"}],"author":[{"embeddable":true,"href":"https:\/\/standort-niederrhein.de\/en\/wp-json\/wp\/v2\/users\/3"}],"replies":[{"embeddable":true,"href":"https:\/\/standort-niederrhein.de\/en\/wp-json\/wp\/v2\/comments?post=4099"}],"version-history":[{"count":1,"href":"https:\/\/standort-niederrhein.de\/en\/wp-json\/wp\/v2\/posts\/4099\/revisions"}],"predecessor-version":[{"id":4101,"href":"https:\/\/standort-niederrhein.de\/en\/wp-json\/wp\/v2\/posts\/4099\/revisions\/4101"}],"wp:featuredmedia":[{"embeddable":true,"href":"https:\/\/standort-niederrhein.de\/en\/wp-json\/wp\/v2\/media\/4100"}],"wp:attachment":[{"href":"https:\/\/standort-niederrhein.de\/en\/wp-json\/wp\/v2\/media?parent=4099"}],"wp:term":[{"taxonomy":"category","embeddable":true,"href":"https:\/\/standort-niederrhein.de\/en\/wp-json\/wp\/v2\/categories?post=4099"},{"taxonomy":"post_tag","embeddable":true,"href":"https:\/\/standort-niederrhein.de\/en\/wp-json\/wp\/v2\/tags?post=4099"}],"curies":[{"name":"wp","href":"https:\/\/api.w.org\/{rel}","templated":true}]}}