{"id":4096,"date":"2024-05-14T06:00:00","date_gmt":"2024-05-14T04:00:00","guid":{"rendered":"https:\/\/invest-in-niederrhein.de\/?p=4096"},"modified":"2024-05-13T13:19:37","modified_gmt":"2024-05-13T11:19:37","slug":"starke-zusammenarbeit-ueber-die-grenzen-hinaus","status":"publish","type":"post","link":"https:\/\/standort-niederrhein.de\/en\/2024\/05\/14\/starke-zusammenarbeit-ueber-die-grenzen-hinaus\/","title":{"rendered":"Starke Zusammenarbeit \u00fcber die Grenzen hinaus"},"content":{"rendered":"\n<p><strong>NRW\/ Br\u00fcssel. <\/strong>Wie soll die Ausgestaltung und Umsetzung des Europ\u00e4ischen Fonds f\u00fcr regionale Entwicklung (EFRE) ab 2028 aussehen? Diese und viele weitere Fragen hat der Verbund regionen.NRW bei einer Veranstaltung des Wirtschaftsministeriums in der Vertretung des Landes Nordrhein-Westfalen in Br\u00fcssel in den Blick genommen.<\/p>\n\n\n\n<p>Die Diskussionen drehten sich um die entscheidenden Fragen, wie der EFRE ab 2028 gestaltet und umgesetzt werden soll, sowie um die W\u00fcnsche und Ziele sowohl der Landesregierung und der EU als auch der Regionen in NRW. In einem intensiven Austausch wurden M\u00f6glichkeiten einer vertieften Zusammenarbeit er\u00f6rtert, um die strategische Kooperation \u00fcber die Landesgrenzen hinweg zu st\u00e4rken.<\/p>\n\n\n\n<p>Am Nachmittag diskutieren die Regionen anschlie\u00dfend im direkten Austausch mit Beamten der EU-Kommission \u00fcber die Probleme und Herausforderungen der Zukunft der Koh\u00e4sionspolitik und nahmen die Harnessing Talent Plattform und die Wirkung auf die Regionen n\u00e4her in den Blick.<\/p>\n\n\n\n<p>Die Veranstaltung markiert einen wichtigen Schritt in Richtung einer effektiven und zielgerichteten Zusammenarbeit zwischen der Landesregierung Nordrhein-Westfalens, den Regionen und der Europ\u00e4ischen Union im Hinblick auf die Koh\u00e4sionspolitik ab 2028. Sie unterstreicht die gemeinsame Verantwortung f\u00fcr eine nachhaltige Entwicklung und den wirtschaftlichen Erfolg der Regionen.<\/p>\n\n\n\n<p>Sich zusammen gegen\u00fcber der Landesregierung, Bundesregierung und EU-Institutionen zu positionieren \u2013 das ist die Idee hinter dem gemeinsamen Auftritt der neun Regionen und der Zukunftsagentur Rheinisches Revier mit dem Titel \u201eregionen.nrw\u201c. Der Verbund besteht seit 2013 und umfasst inzwischen zehn verschiedene Managementorganisationen: Region Aachen Zweckverband, Bergische Struktur- und Wirtschaftsf\u00f6rderungsgesellschaft mbH, Regionalmanagement D\u00fcsseldorf\/Kreis Mettmann, Region K\u00f6ln\/Bonn e.V., M\u00fcnsterland e.V., Standort Niederrhein GmbH, OstWestfalenLippe GmbH, Regionalverband Ruhr, S\u00fcdwestfalen Agentur GmbH sowie die Zukunftsagentur Rheinisches Revier.<\/p>\n\n\n\n<p>Quelle: regionen.NRW<\/p>\n\n\n<figure class=\"wp-block-post-featured-image\"><img loading=\"lazy\" decoding=\"async\" width=\"1958\" height=\"2000\" src=\"https:\/\/standort-niederrhein.de\/wp-content\/uploads\/2024\/05\/regionen.NRW_Bruessel_02.05.jpeg\" class=\"attachment-post-thumbnail size-post-thumbnail wp-post-image\" alt=\"\" style=\"object-fit:cover;\" srcset=\"https:\/\/standort-niederrhein.de\/wp-content\/uploads\/2024\/05\/regionen.NRW_Bruessel_02.05.jpeg 1958w, https:\/\/standort-niederrhein.de\/wp-content\/uploads\/2024\/05\/regionen.NRW_Bruessel_02.05-1280x1307.jpeg 1280w, https:\/\/standort-niederrhein.de\/wp-content\/uploads\/2024\/05\/regionen.NRW_Bruessel_02.05-980x1001.jpeg 980w, https:\/\/standort-niederrhein.de\/wp-content\/uploads\/2024\/05\/regionen.NRW_Bruessel_02.05-480x490.jpeg 480w\" sizes=\"(min-width: 0px) and (max-width: 480px) 480px, (min-width: 481px) and (max-width: 980px) 980px, (min-width: 981px) and (max-width: 1280px) 1280px, (min-width: 1281px) 1958px, 100vw\" \/><\/figure>\n\n\n<p>Lisa Beisheim (K\u00f6ln\/Bonn e.V.), Hubertus Winterberg (S\u00fcdwestfalen Agentur), Markus Schl\u00fcter (Regionalverband Ruhr), Mona Neubaur (MWIKE), Ulla Th\u00f6nnissen (Region Aachen) und Paul Stertz (Region D\u00fcsseldorf &#8211; Kreis Mettmann) (v.l.) | Foto: regionen.NRW<\/p>\n","protected":false},"excerpt":{"rendered":"<p>NRW\/ Br\u00fcssel. Wie soll die Ausgestaltung und Umsetzung des Europ\u00e4ischen Fonds f\u00fcr regionale Entwicklung (EFRE) ab 2028 aussehen? Diese und viele weitere Fragen hat der Verbund regionen.NRW bei einer Veranstaltung des Wirtschaftsministeriums in der Vertretung des Landes Nordrhein-Westfalen in Br\u00fcssel in den Blick genommen. Die Diskussionen drehten sich um die entscheidenden Fragen, wie der EFRE [&hellip;]<\/p>\n","protected":false},"author":3,"featured_media":4097,"comment_status":"closed","ping_status":"closed","sticky":false,"template":"","format":"standard","meta":{"_et_pb_use_builder":"","_et_pb_old_content":"","_et_gb_content_width":"","footnotes":""},"categories":[1],"tags":[],"class_list":["post-4096","post","type-post","status-publish","format-standard","has-post-thumbnail","hentry","category-allgemein"],"_links":{"self":[{"href":"https:\/\/standort-niederrhein.de\/en\/wp-json\/wp\/v2\/posts\/4096","targetHints":{"allow":["GET"]}}],"collection":[{"href":"https:\/\/standort-niederrhein.de\/en\/wp-json\/wp\/v2\/posts"}],"about":[{"href":"https:\/\/standort-niederrhein.de\/en\/wp-json\/wp\/v2\/types\/post"}],"author":[{"embeddable":true,"href":"https:\/\/standort-niederrhein.de\/en\/wp-json\/wp\/v2\/users\/3"}],"replies":[{"embeddable":true,"href":"https:\/\/standort-niederrhein.de\/en\/wp-json\/wp\/v2\/comments?post=4096"}],"version-history":[{"count":1,"href":"https:\/\/standort-niederrhein.de\/en\/wp-json\/wp\/v2\/posts\/4096\/revisions"}],"predecessor-version":[{"id":4098,"href":"https:\/\/standort-niederrhein.de\/en\/wp-json\/wp\/v2\/posts\/4096\/revisions\/4098"}],"wp:featuredmedia":[{"embeddable":true,"href":"https:\/\/standort-niederrhein.de\/en\/wp-json\/wp\/v2\/media\/4097"}],"wp:attachment":[{"href":"https:\/\/standort-niederrhein.de\/en\/wp-json\/wp\/v2\/media?parent=4096"}],"wp:term":[{"taxonomy":"category","embeddable":true,"href":"https:\/\/standort-niederrhein.de\/en\/wp-json\/wp\/v2\/categories?post=4096"},{"taxonomy":"post_tag","embeddable":true,"href":"https:\/\/standort-niederrhein.de\/en\/wp-json\/wp\/v2\/tags?post=4096"}],"curies":[{"name":"wp","href":"https:\/\/api.w.org\/{rel}","templated":true}]}}