{"id":4088,"date":"2024-05-12T06:00:00","date_gmt":"2024-05-12T04:00:00","guid":{"rendered":"https:\/\/invest-in-niederrhein.de\/?p=4088"},"modified":"2024-05-14T10:58:30","modified_gmt":"2024-05-14T08:58:30","slug":"qualifizierung-des-buergerschaftlichen-engagements","status":"publish","type":"post","link":"https:\/\/standort-niederrhein.de\/en\/2024\/05\/12\/qualifizierung-des-buergerschaftlichen-engagements\/","title":{"rendered":"\u201eQualifizierung des b\u00fcrgerschaftlichen Engagements\u201c"},"content":{"rendered":"\n<p>Um das b\u00fcrgerschaftliche Engagement f\u00fcr die Umwelt, die Natur und die Mobilit\u00e4t der Zukunft zu unterst\u00fctzen, hat das Umwelt- und Verkehrsministerium das Programm \u201eQualifizierung des b\u00fcrgerschaftlichen Engagements&#8221; im Jahr 2023 neu aufgelegt. Es wird zwischen 2023 und 2026 mit insgesamt drei aufeinanderfolgenden Aufrufen durchgef\u00fchrt. \u201eSchon der erste Aufruf im Sommer 2023 hat uns gezeigt, wie viele gro\u00dfartige Projekte aus der Zivilgesellschaft sich mit den Themen unseres Ministeriums befassen. Ich freue mich, dass wir mit dem zweiten Aufruf weiteren Projekten unsere Unterst\u00fctzung anbieten k\u00f6nnen. Wir wollen das Ehrenamt nachhaltig st\u00e4rken. Denn schlie\u00dflich lebt Demokratie von engagierten, interessierten und aktiven B\u00fcrgerinnen und B\u00fcrgern\u201c erkl\u00e4rte Umwelt- und Verkehrsminister Oliver Krischer zum Start des zweiten Programmaufrufes.<\/p>\n\n\n\n<p>Mit dem Programm zur \u201eQualifizierung des b\u00fcrgerschaftlichen Engagements\u201c unterst\u00fctzt das Ministerium f\u00fcr Umwelt, Naturschutz und Verkehr Projektideen von Vereinen, Initiativen, Einzelpersonen und gemeinwohlorientierten Unternehmen in den folgenden Themenfeldern:<\/p>\n\n\n\n<ul class=\"wp-block-list\">\n<li>Naturschutz, Biodiversit\u00e4t, Artenschutz<\/li>\n\n\n\n<li>Nachhaltige Entwicklung, Bildung f\u00fcr nachhaltige Entwicklung (BNE), Umweltbildung<\/li>\n\n\n\n<li>Transformation<\/li>\n\n\n\n<li>Anpassung an den Klimawandel, Nat\u00fcrlicher Klimaschutz<\/li>\n\n\n\n<li>Umweltwirtschaft<\/li>\n\n\n\n<li>Verkehr, Mobilit\u00e4t der Zukunft, Radverkehr, Verkehrssicherheit<\/li>\n\n\n\n<li>Kreislaufwirtschaft, Circular Economy<\/li>\n\n\n\n<li>Wasserwirtschaft und Bodenschutz<\/li>\n\n\n\n<li>Immissionsschutz, Umwelt und Gesundheit, Gentechnik<\/li>\n<\/ul>\n\n\n\n<p>Interessierte B\u00fcrgerinnen und B\u00fcrger sowie Organisationen k\u00f6nnen sich bis zum 5. Juli 2024 bewerben. Dabei m\u00fcssen sie ihre Ideen in einer Projektskizze beschreiben und deutlich machen, wo sie fachliche Beratung w\u00fcnschen. Das Ministerium w\u00e4hlt aus den eingereichten Vorschl\u00e4gen nach fachlichen Gesichtspunkten aus.<\/p>\n\n\n\n<p>Den ausgew\u00e4hlten Initiativen bietet das Programm eine kostenlose qualifizierte Beratung an. Das Spektrum der Beratung reicht von der Unterst\u00fctzung bei der Vereinsgr\u00fcndung bis zur Hilfe bei der Beantragung von F\u00f6rdergeldern. Pro Projekt k\u00f6nnen Beratungskosten von bis zu 20.000 Euro zur Verf\u00fcgung gestellt werden.<\/p>\n\n\n\n<p>Quelle: <a href=\"https:\/\/www.umwelt.nrw.de\/programm-qualifizierung-des-buergerschaftlichen-engagements-geht-die-zweite-runde-bewerbungen-bis\">www.umwelt.nrw.de<\/a><\/p>\n","protected":false},"excerpt":{"rendered":"<p>Um das b\u00fcrgerschaftliche Engagement f\u00fcr die Umwelt, die Natur und die Mobilit\u00e4t der Zukunft zu unterst\u00fctzen, hat das Umwelt- und Verkehrsministerium das Programm \u201eQualifizierung des b\u00fcrgerschaftlichen Engagements&#8221; im Jahr 2023 neu aufgelegt. Es wird zwischen 2023 und 2026 mit insgesamt drei aufeinanderfolgenden Aufrufen durchgef\u00fchrt. \u201eSchon der erste Aufruf im Sommer 2023 hat uns gezeigt, wie [&hellip;]<\/p>\n","protected":false},"author":3,"featured_media":0,"comment_status":"closed","ping_status":"closed","sticky":false,"template":"","format":"standard","meta":{"_et_pb_use_builder":"","_et_pb_old_content":"","_et_gb_content_width":"","footnotes":""},"categories":[1],"tags":[],"class_list":["post-4088","post","type-post","status-publish","format-standard","hentry","category-allgemein"],"_links":{"self":[{"href":"https:\/\/standort-niederrhein.de\/en\/wp-json\/wp\/v2\/posts\/4088","targetHints":{"allow":["GET"]}}],"collection":[{"href":"https:\/\/standort-niederrhein.de\/en\/wp-json\/wp\/v2\/posts"}],"about":[{"href":"https:\/\/standort-niederrhein.de\/en\/wp-json\/wp\/v2\/types\/post"}],"author":[{"embeddable":true,"href":"https:\/\/standort-niederrhein.de\/en\/wp-json\/wp\/v2\/users\/3"}],"replies":[{"embeddable":true,"href":"https:\/\/standort-niederrhein.de\/en\/wp-json\/wp\/v2\/comments?post=4088"}],"version-history":[{"count":3,"href":"https:\/\/standort-niederrhein.de\/en\/wp-json\/wp\/v2\/posts\/4088\/revisions"}],"predecessor-version":[{"id":4117,"href":"https:\/\/standort-niederrhein.de\/en\/wp-json\/wp\/v2\/posts\/4088\/revisions\/4117"}],"wp:attachment":[{"href":"https:\/\/standort-niederrhein.de\/en\/wp-json\/wp\/v2\/media?parent=4088"}],"wp:term":[{"taxonomy":"category","embeddable":true,"href":"https:\/\/standort-niederrhein.de\/en\/wp-json\/wp\/v2\/categories?post=4088"},{"taxonomy":"post_tag","embeddable":true,"href":"https:\/\/standort-niederrhein.de\/en\/wp-json\/wp\/v2\/tags?post=4088"}],"curies":[{"name":"wp","href":"https:\/\/api.w.org\/{rel}","templated":true}]}}