{"id":4086,"date":"2024-05-11T06:00:00","date_gmt":"2024-05-11T04:00:00","guid":{"rendered":"https:\/\/invest-in-niederrhein.de\/?p=4086"},"modified":"2024-05-08T09:16:31","modified_gmt":"2024-05-08T07:16:31","slug":"nominierungen-marketing-preis-erwuenscht","status":"publish","type":"post","link":"https:\/\/standort-niederrhein.de\/en\/2024\/05\/11\/nominierungen-marketing-preis-erwuenscht\/","title":{"rendered":"Nominierungen Marketing-Preis erw\u00fcnscht"},"content":{"rendered":"\n<p><strong>Kevelaer. <\/strong>Die Wirtschaftsf\u00f6rderung Kevelaer verleiht in diesem Jahr zum 37. Mal den Marketing-Preis-Kevelaer. Diesmal werden innovative Unternehmen in den beiden Kategorien Umdenken\/Neudenken und Lokalit\u00e4t\/Regionalit\u00e4t ausgezeichnet. Au\u00dferdem gibt es wieder einen Sonderpreis f\u00fcr au\u00dfergew\u00f6hnliches Engagement. Die Wirtschaftsf\u00f6rderung ruft erneut die B\u00fcrger- und Unternehmerschaft dazu auf, m\u00f6gliche Preistr\u00e4ger*innen zu nominieren. \u201eWir finden es wichtig, dass die Vorschl\u00e4ge von den B\u00fcrgerinnen und B\u00fcrgern und Unternehmen aus Kevelaer eingereicht werden&#8221;, sagt Verena Rohde, Wirtschaftsf\u00f6rderin und Leiterin Kevelaer Marketing. Aus diesen Vorschl\u00e4gen wird dann eine Jury die drei Preistr\u00e4ger*innen ermitteln. Die Preisverleihung findet am 6. September 2024 statt.<\/p>\n\n\n\n<p>Gesucht wird einerseits ein Unternehmen, das durch Umdenken\/Neudenken innovative Wege gefunden hat, um betriebliche, wirtschaftliche oder wirtschaftspolitische Herausforderungen zu meistern. Andererseits soll ein Unternehmen pr\u00e4miert werden, das auf Lokalit\u00e4t\/Regionalit\u00e4t setzt, sei es bei der Beschaffung, beim Absatz, beim Recruiting oder bei Kooperationen. F\u00fcr den Sonderpreis k\u00f6nnen Vereine, Verb\u00e4nde, Einrichtungen, Organisationen nominiert werden, deren Aktivit\u00e4ten und Engagement einen gemeinn\u00fctzigen Mehrwert f\u00fcr Kevelaer schaffen. \u201eEs gibt in Kevelaer viele gemeinn\u00fctzige Hilfsangebote und Aktionen, die aber in der \u00d6ffentlichkeit kaum Aufmerksamkeit erfahren. Mit dem Marketing-Sonderpreis wollen wir dieses Engagement w\u00fcrdigen&#8221;, sagt B\u00fcrgermeister\u00a0Dr. Dominik Pichler.<\/p>\n\n\n\n<p>Die Wirtschaftsf\u00f6rderung Kevelaer hofft auf rege Teilnahme und freut sich \u00fcber die Zusendung vieler interessanter Vorschl\u00e4ge per Email an\u00a0<a href=\"mailto:wirtschaftsfoerderung@kevelaer.de\">wirtschaftsfoerderung@kevelaer.de<\/a>. Neben der Angabe der Kategorie wird auch um eine kurze Begr\u00fcndung f\u00fcr die Nominierung gebeten.<\/p>\n\n\n\n<p>Quelle: <a href=\"https:\/\/www.kevelaer.de\/de\/aktuelles\/nominierungen-marketing-preis-erwuenscht\/\">Stadt Kevelaer<\/a><\/p>\n","protected":false},"excerpt":{"rendered":"<p>Kevelaer. Die Wirtschaftsf\u00f6rderung Kevelaer verleiht in diesem Jahr zum 37. Mal den Marketing-Preis-Kevelaer. Diesmal werden innovative Unternehmen in den beiden Kategorien Umdenken\/Neudenken und Lokalit\u00e4t\/Regionalit\u00e4t ausgezeichnet. Au\u00dferdem gibt es wieder einen Sonderpreis f\u00fcr au\u00dfergew\u00f6hnliches Engagement. Die Wirtschaftsf\u00f6rderung ruft erneut die B\u00fcrger- und Unternehmerschaft dazu auf, m\u00f6gliche Preistr\u00e4ger*innen zu nominieren. \u201eWir finden es wichtig, dass die Vorschl\u00e4ge [&hellip;]<\/p>\n","protected":false},"author":3,"featured_media":0,"comment_status":"closed","ping_status":"closed","sticky":false,"template":"","format":"standard","meta":{"_et_pb_use_builder":"","_et_pb_old_content":"","_et_gb_content_width":"","footnotes":""},"categories":[1],"tags":[],"class_list":["post-4086","post","type-post","status-publish","format-standard","hentry","category-allgemein"],"_links":{"self":[{"href":"https:\/\/standort-niederrhein.de\/en\/wp-json\/wp\/v2\/posts\/4086","targetHints":{"allow":["GET"]}}],"collection":[{"href":"https:\/\/standort-niederrhein.de\/en\/wp-json\/wp\/v2\/posts"}],"about":[{"href":"https:\/\/standort-niederrhein.de\/en\/wp-json\/wp\/v2\/types\/post"}],"author":[{"embeddable":true,"href":"https:\/\/standort-niederrhein.de\/en\/wp-json\/wp\/v2\/users\/3"}],"replies":[{"embeddable":true,"href":"https:\/\/standort-niederrhein.de\/en\/wp-json\/wp\/v2\/comments?post=4086"}],"version-history":[{"count":1,"href":"https:\/\/standort-niederrhein.de\/en\/wp-json\/wp\/v2\/posts\/4086\/revisions"}],"predecessor-version":[{"id":4087,"href":"https:\/\/standort-niederrhein.de\/en\/wp-json\/wp\/v2\/posts\/4086\/revisions\/4087"}],"wp:attachment":[{"href":"https:\/\/standort-niederrhein.de\/en\/wp-json\/wp\/v2\/media?parent=4086"}],"wp:term":[{"taxonomy":"category","embeddable":true,"href":"https:\/\/standort-niederrhein.de\/en\/wp-json\/wp\/v2\/categories?post=4086"},{"taxonomy":"post_tag","embeddable":true,"href":"https:\/\/standort-niederrhein.de\/en\/wp-json\/wp\/v2\/tags?post=4086"}],"curies":[{"name":"wp","href":"https:\/\/api.w.org\/{rel}","templated":true}]}}