{"id":4082,"date":"2024-05-10T06:00:00","date_gmt":"2024-05-10T04:00:00","guid":{"rendered":"https:\/\/invest-in-niederrhein.de\/?p=4082"},"modified":"2024-05-07T11:22:51","modified_gmt":"2024-05-07T09:22:51","slug":"praktikumswoche-krefeld-smarte-berufsorientierung-in-den-sommerferien","status":"publish","type":"post","link":"https:\/\/standort-niederrhein.de\/en\/2024\/05\/10\/praktikumswoche-krefeld-smarte-berufsorientierung-in-den-sommerferien\/","title":{"rendered":"\u201ePraktikumswoche Krefeld\u201c: Smarte Berufsorientierung in den Sommerferien \u00a0\u00a0"},"content":{"rendered":"\n<p><strong>Krefeld.<\/strong> Nach den Osterferien ist vor den Sommerferien. Dann werden sich wieder einige Familien auf den Weg in den Urlaub machen, um zu entspannen oder gemeinsam Neues zu entdecken. Wer ein weiteres Ferienangebot in der Zeit vom 8. Juli bis 20. August 2024 sucht, hat jetzt die Chance darauf: bei der ersten \u201ePraktikumswoche Krefeld\u201c, einem Smart City Pilotprojekt von KREFELD BUSINESS.<\/p>\n\n\n\n<p>Krefeld ist damit die erste Stadt in Nordrhein-Westfalen, in der die digitale Plattform an den Start geht. In das Projekt eingebunden sind auch die Stadt Krefeld, die Agentur f\u00fcr Arbeit Krefeld und das Team der Kommunalen Koordinierung (KAoA). Mitmachen kann, wer mindestens 15 Jahre alt ist. Zur Zielgruppe geh\u00f6ren somit insbesondere Sch\u00fclerinnen und Sch\u00fcler, Studentinnen und Studenten sowie alle, die einen Neuanfang wagen wollen oder m\u00fcssen. Das Angebot ist kostenfrei.<\/p>\n\n\n\n<p>Die Idee hinter der Digitalplattform: Die jungen Menschen w\u00e4hlen bei der Anmeldung unkompliziert aus 20 Berufsfeldern solche aus, in die sie n\u00e4here Praxiseinblicke erhalten wollen. Insofern m\u00fcssen sie weder einen speziellen Ausbildungsberuf oder Berufswunsch angeben noch ein konkretes Unternehmen. Neben den individuellen Interessen werden zudem die zeitliche Verf\u00fcgbarkeit \u2013 sowohl der Unternehmen als auch der k\u00fcnftigen Praktikantinnen und Praktikanten \u2013 sowie weitere Parameter ber\u00fccksichtigt. Dazu geh\u00f6rt beispielsweise die Mobilit\u00e4t der Teilnehmenden. Mit Hilfe einer Software werden schlie\u00dflich die individuellen Antworten mit den Praktikumsangeboten der Unternehmen in der Datenbank abgeglichen, damit ein \u201eMatch\u201c m\u00f6glich wird. Einfach formuliert, funktioniert die Plattform wie ein Dating-Portal.<\/p>\n\n\n\n<p>Auf diese Weise k\u00f6nnen die teilnehmenden Personen bis zu f\u00fcnf Tages-Praktika innerhalb von sechs Wochen absolvieren \u2013 aufeinanderfolgend oder \u00fcber die Sommerferien verteilt. Den mitmachenden Unternehmensverantwortlichen steht es frei, wie viele Praktikumstage sie in den Sommerferien anbieten und an wie viele Praktikanten sie diese vergeben m\u00f6chten.<\/p>\n\n\n\n<p>\u201eEs freut mich sehr, dass sich schon 60 Krefelder Unternehmen dazu bereit erkl\u00e4rt haben, jungen Menschen unkompliziert Tages-Praktika anzubieten. Damit helfen sie den Jugendlichen, Praxiserfahrung zu sammeln und Orientierung bei der Berufswahl zu erhalten\u201c, so Oberb\u00fcrgermeister Frank Meyer, zugleich Schirmherr der \u201ePraktikumswoche Krefeld\u201c.<\/p>\n\n\n\n<p>\u201eUnd f\u00fcr die heimischen Unternehmen kann es eine gute Chance sein, schon fr\u00fchzeitig als attraktiver k\u00fcnftiger Arbeitgeber sichtbar zu werden&nbsp; und Nachwuchstalente f\u00fcr den Standort zu begeistern\u201c, sagt Eckart Preen, Leiter von KREFELD BUSINESS, und erg\u00e4nzt: \u201eDa sich die Teilnehmerinnen und Teilnehmer lediglich f\u00fcr ein Berufsfeld entscheiden, lernen sie dadurch vielleicht auch solche Betriebe kennen und sch\u00e4tzen, die zu ihnen passen, die sie aber aufgrund ihrer Gr\u00f6\u00dfe oder in Ermangelung internationaler Bekanntheit nicht auf dem Schirm gehabt h\u00e4tten.\u201c<\/p>\n\n\n\n<p>Leonie Hasler, Projektleiterin der \u201ePraktikumswoche Krefeld\u201c, betont: \u201eDas Besondere an der Praktikumswoche ist, dass sich die jungen Menschen hierf\u00fcr absolut unkompliziert anmelden k\u00f6nnen \u2013 ohne Zeugnis, ohne Lebenslauf und ohne Anschreiben.\u201c<\/p>\n\n\n\n<p>Die Unternehmen, die bei der ersten \u201ePraktikumswoche Krefeld\u201c mitmachen, kommen aus den Bereichen \u201eLogistik\u201c, \u201ePflege\u201c, \u201eHotellerie und Gastronomie\u201c, \u201eHolzverarbeitung\u201c und \u201eGartenbau\u201c. Dar\u00fcber hinaus werden Pl\u00e4tze in der Verwaltung angeboten. Das Spektrum wird abgerundet durch Maschinen und KFZ, Verkauf und Handel, Klima, Heizung, Sanit\u00e4r, Steuern und Recht, Tief- und Hochbau, Elektronik und Anlagen sowie viele mehr.<\/p>\n\n\n\n<p>Alle, die mitmachen wollen und zur Zielgruppe geh\u00f6ren, haben ab jetzt die Gelegenheit dazu, sich f\u00fcr das kostenfreie Angebot zu registrieren.<\/p>\n\n\n\n<p>Die Anmeldung ist m\u00f6glich unter: <a href=\"http:\/\/www.praktikumswoche.de\/krefeld\">www.praktikumswoche.de\/krefeld<\/a><\/p>\n\n\n\n<p>Quelle: <a href=\"http:\/\/www.krefeld-business.de\">KREFELD BUSINESS<\/a><\/p>\n\n\n<figure class=\"wp-block-post-featured-image\"><img loading=\"lazy\" decoding=\"async\" width=\"2560\" height=\"1709\" src=\"https:\/\/standort-niederrhein.de\/wp-content\/uploads\/2024\/05\/Pressefoto_Praktikumswoche_Krefeld_Urheber_Simon_Erath_Nutzungsrechte_KREFELD_BUSINESS-scaled.jpg\" class=\"attachment-post-thumbnail size-post-thumbnail wp-post-image\" alt=\"\" style=\"object-fit:cover;\" srcset=\"https:\/\/standort-niederrhein.de\/wp-content\/uploads\/2024\/05\/Pressefoto_Praktikumswoche_Krefeld_Urheber_Simon_Erath_Nutzungsrechte_KREFELD_BUSINESS-scaled.jpg 2560w, https:\/\/standort-niederrhein.de\/wp-content\/uploads\/2024\/05\/Pressefoto_Praktikumswoche_Krefeld_Urheber_Simon_Erath_Nutzungsrechte_KREFELD_BUSINESS-1280x855.jpg 1280w, https:\/\/standort-niederrhein.de\/wp-content\/uploads\/2024\/05\/Pressefoto_Praktikumswoche_Krefeld_Urheber_Simon_Erath_Nutzungsrechte_KREFELD_BUSINESS-980x654.jpg 980w, https:\/\/standort-niederrhein.de\/wp-content\/uploads\/2024\/05\/Pressefoto_Praktikumswoche_Krefeld_Urheber_Simon_Erath_Nutzungsrechte_KREFELD_BUSINESS-480x320.jpg 480w\" sizes=\"(min-width: 0px) and (max-width: 480px) 480px, (min-width: 481px) and (max-width: 980px) 980px, (min-width: 981px) and (max-width: 1280px) 1280px, (min-width: 1281px) 2560px, 100vw\" \/><\/figure>\n\n\n<p>Praktikumswoche Krefeld | Foto: Simon Erath &#8211; Nutzungsrechte: KREFELD BUSINESS<\/p>\n","protected":false},"excerpt":{"rendered":"<p>Krefeld. Nach den Osterferien ist vor den Sommerferien. Dann werden sich wieder einige Familien auf den Weg in den Urlaub machen, um zu entspannen oder gemeinsam Neues zu entdecken. Wer ein weiteres Ferienangebot in der Zeit vom 8. Juli bis 20. August 2024 sucht, hat jetzt die Chance darauf: bei der ersten \u201ePraktikumswoche Krefeld\u201c, einem [&hellip;]<\/p>\n","protected":false},"author":3,"featured_media":4083,"comment_status":"closed","ping_status":"closed","sticky":false,"template":"","format":"standard","meta":{"_et_pb_use_builder":"","_et_pb_old_content":"","_et_gb_content_width":"","footnotes":""},"categories":[1],"tags":[],"class_list":["post-4082","post","type-post","status-publish","format-standard","has-post-thumbnail","hentry","category-allgemein"],"_links":{"self":[{"href":"https:\/\/standort-niederrhein.de\/en\/wp-json\/wp\/v2\/posts\/4082","targetHints":{"allow":["GET"]}}],"collection":[{"href":"https:\/\/standort-niederrhein.de\/en\/wp-json\/wp\/v2\/posts"}],"about":[{"href":"https:\/\/standort-niederrhein.de\/en\/wp-json\/wp\/v2\/types\/post"}],"author":[{"embeddable":true,"href":"https:\/\/standort-niederrhein.de\/en\/wp-json\/wp\/v2\/users\/3"}],"replies":[{"embeddable":true,"href":"https:\/\/standort-niederrhein.de\/en\/wp-json\/wp\/v2\/comments?post=4082"}],"version-history":[{"count":1,"href":"https:\/\/standort-niederrhein.de\/en\/wp-json\/wp\/v2\/posts\/4082\/revisions"}],"predecessor-version":[{"id":4084,"href":"https:\/\/standort-niederrhein.de\/en\/wp-json\/wp\/v2\/posts\/4082\/revisions\/4084"}],"wp:featuredmedia":[{"embeddable":true,"href":"https:\/\/standort-niederrhein.de\/en\/wp-json\/wp\/v2\/media\/4083"}],"wp:attachment":[{"href":"https:\/\/standort-niederrhein.de\/en\/wp-json\/wp\/v2\/media?parent=4082"}],"wp:term":[{"taxonomy":"category","embeddable":true,"href":"https:\/\/standort-niederrhein.de\/en\/wp-json\/wp\/v2\/categories?post=4082"},{"taxonomy":"post_tag","embeddable":true,"href":"https:\/\/standort-niederrhein.de\/en\/wp-json\/wp\/v2\/tags?post=4082"}],"curies":[{"name":"wp","href":"https:\/\/api.w.org\/{rel}","templated":true}]}}