{"id":4077,"date":"2024-05-08T06:00:00","date_gmt":"2024-05-08T04:00:00","guid":{"rendered":"https:\/\/invest-in-niederrhein.de\/?p=4077"},"modified":"2024-05-06T15:45:50","modified_gmt":"2024-05-06T13:45:50","slug":"transformation-gestalten-ministerin-neubaur-zur-zukunft-der-europaeischen-regionalfoerderung-in-bruessel","status":"publish","type":"post","link":"https:\/\/standort-niederrhein.de\/en\/2024\/05\/08\/transformation-gestalten-ministerin-neubaur-zur-zukunft-der-europaeischen-regionalfoerderung-in-bruessel\/","title":{"rendered":"Transformation gestalten: Ministerin Neubaur zur Zukunft der europ\u00e4ischen Regionalf\u00f6rderung in Br\u00fcssel"},"content":{"rendered":"\n<p><strong>NRW.<\/strong> Nordrhein-Westfalen steht vor der gro\u00dfen Herausforderung einer gr\u00fcnen und digitalen Transformation der Wirtschaft. Damit ist Nordrhein-Westfalen nicht alleine: Dieser Wandel trifft alle Regionen in der Europ\u00e4ischen Union und auch in den L\u00e4ndern, die als EU-Beitrittskandidaten gelten. Einen wichtigen finanziellen Beitrag zur Bew\u00e4ltigung des Strukturwandels leistet der Europ\u00e4ische Fonds f\u00fcr regionale Entwicklung (EFRE), dessen Ausgestaltung und Umsetzung die Regionen \u00fcbernehmen. In Br\u00fcssel sind die Gespr\u00e4che gestartet, wie diese F\u00f6rderung ab 2028 aussehen soll. Das war auch Thema einer Diskussion von Wirtschaftsministerin Mona Neubaur mit Expertinnen und Experten unter anderem aus der Wissenschaft, anderen europ\u00e4ischen Regionen, der EU-Kommission und Jugendvertretenden in der Vertretung des Landes Nordrhein-Westfalen bei der Europ\u00e4ischen Union in Br\u00fcssel.<\/p>\n\n\n\n<p>Wirtschaftsministerin Mona Neubaur: \u201eUm unsere Wirtschaft klimaneutral und wettbewerbsf\u00e4hig aufzustellen, brauchen wir eine vorausschauende Politik \u2013 auch mit Unterst\u00fctzung der EU. Daf\u00fcr ist auch in Zukunft eine passgenaue Strukturpolitik f\u00fcr alle Regionen eine zentrale S\u00e4ule. Um das zu erreichen, m\u00fcssen wir uns auf europ\u00e4ischer Ebene auf gemeinsame Ziele verst\u00e4ndigen. Gleichzeitig brauchen die Regionen genug Gestaltungsspielraum f\u00fcr eine erfolgreiche Umsetzung. So legen wir ein stabiles Fundament zum Gelingen der Transformation. Das st\u00e4rkt nicht zuletzt auch den Zusammenhalt in Europa, den wir heute mehr denn je brauchen.\u201c<\/p>\n\n\n\n<p>Mit dem Instrument des Europ\u00e4ischen Fonds f\u00fcr regionale Entwicklung stellt die EU F\u00f6rdermittel zur Verf\u00fcgung, die in den Regionen zielgerichtet f\u00fcr Wachstum, Besch\u00e4ftigung und der Bew\u00e4ltigung der Transformation eingesetzt werden. In Nordrhein-Westfalen stehen in der aktuellen F\u00f6rderperiode 2021-2027 rund 1,3 Milliarden Euro EU-Mittel bereit, hinzu kommen rund 580 Millionen Euro f\u00fcr den Just Transition Fund (JTF) in den Kohler\u00fcckzugsregionen. Unterst\u00fctzt werden Vorhaben aus den Themenfeldern Innovation, Nachhaltigkeit, Mittelstandsf\u00f6rderung und Gr\u00fcndungen, Lebensqualit\u00e4t, Mobilit\u00e4t und Transformation.<\/p>\n\n\n\n<p>Rund 1,4 Milliarden Euro EU-Mittel sind in der vorherigen F\u00f6rderperiode 2014 bis 2020 nach NRW geflossen. Damit konnten fast 12.000 Vorhaben umgesetzt werden, in denen unter anderem rund 9.500 Arbeitspl\u00e4tze geschaffen wurden. Den gr\u00f6\u00dften Anteil an der F\u00f6rderung hatten Innovationsprojekte, f\u00fcr die \u00fcber 500 Millionen Euro investiert wurden. Mehr als ein Drittel der Mittel wurden f\u00fcr den mittelbaren oder unmittelbaren Klimaschutz eingesetzt. In den 230 Stadtentwicklungsprojekten wurden unter anderem \u00fcber drei Millionen Quadratmeter Fl\u00e4che in 36 St\u00e4dten saniert. Davon profitieren langfristig mehr als 1,3 Millionen Menschen.<\/p>\n\n\n\n<p>Quelle: <a href=\"https:\/\/www.land.nrw\/pressemitteilung\/transformation-gestalten-ministerin-neubaur-zur-zukunft-der-europaeischen\">www.land.nrw<\/a><\/p>\n","protected":false},"excerpt":{"rendered":"<p>NRW. Nordrhein-Westfalen steht vor der gro\u00dfen Herausforderung einer gr\u00fcnen und digitalen Transformation der Wirtschaft. Damit ist Nordrhein-Westfalen nicht alleine: Dieser Wandel trifft alle Regionen in der Europ\u00e4ischen Union und auch in den L\u00e4ndern, die als EU-Beitrittskandidaten gelten. Einen wichtigen finanziellen Beitrag zur Bew\u00e4ltigung des Strukturwandels leistet der Europ\u00e4ische Fonds f\u00fcr regionale Entwicklung (EFRE), dessen Ausgestaltung [&hellip;]<\/p>\n","protected":false},"author":3,"featured_media":0,"comment_status":"closed","ping_status":"closed","sticky":false,"template":"","format":"standard","meta":{"_et_pb_use_builder":"","_et_pb_old_content":"","_et_gb_content_width":"","footnotes":""},"categories":[1],"tags":[],"class_list":["post-4077","post","type-post","status-publish","format-standard","hentry","category-allgemein"],"_links":{"self":[{"href":"https:\/\/standort-niederrhein.de\/en\/wp-json\/wp\/v2\/posts\/4077","targetHints":{"allow":["GET"]}}],"collection":[{"href":"https:\/\/standort-niederrhein.de\/en\/wp-json\/wp\/v2\/posts"}],"about":[{"href":"https:\/\/standort-niederrhein.de\/en\/wp-json\/wp\/v2\/types\/post"}],"author":[{"embeddable":true,"href":"https:\/\/standort-niederrhein.de\/en\/wp-json\/wp\/v2\/users\/3"}],"replies":[{"embeddable":true,"href":"https:\/\/standort-niederrhein.de\/en\/wp-json\/wp\/v2\/comments?post=4077"}],"version-history":[{"count":1,"href":"https:\/\/standort-niederrhein.de\/en\/wp-json\/wp\/v2\/posts\/4077\/revisions"}],"predecessor-version":[{"id":4078,"href":"https:\/\/standort-niederrhein.de\/en\/wp-json\/wp\/v2\/posts\/4077\/revisions\/4078"}],"wp:attachment":[{"href":"https:\/\/standort-niederrhein.de\/en\/wp-json\/wp\/v2\/media?parent=4077"}],"wp:term":[{"taxonomy":"category","embeddable":true,"href":"https:\/\/standort-niederrhein.de\/en\/wp-json\/wp\/v2\/categories?post=4077"},{"taxonomy":"post_tag","embeddable":true,"href":"https:\/\/standort-niederrhein.de\/en\/wp-json\/wp\/v2\/tags?post=4077"}],"curies":[{"name":"wp","href":"https:\/\/api.w.org\/{rel}","templated":true}]}}