{"id":4072,"date":"2024-05-07T06:00:00","date_gmt":"2024-05-07T04:00:00","guid":{"rendered":"https:\/\/invest-in-niederrhein.de\/?p=4072"},"modified":"2024-05-14T11:06:12","modified_gmt":"2024-05-14T09:06:12","slug":"krefelder-delegation-in-japan-mit-hoher-wertschaetzung-empfangen","status":"publish","type":"post","link":"https:\/\/standort-niederrhein.de\/en\/2024\/05\/07\/krefelder-delegation-in-japan-mit-hoher-wertschaetzung-empfangen\/","title":{"rendered":"Krefelder Delegation in Japan mit hoher Wertsch\u00e4tzung empfangen"},"content":{"rendered":"\n<p><strong>Krefeld. <\/strong>Gro\u00dfe Wertsch\u00e4tzung durch hochrangige Unternehmensvertreter, durchgehend gute Perspektiven f\u00fcr die Krefelder Standorte plus einige aussichtsreiche Ansatzpunkte f\u00fcr m\u00f6gliche Neuansiedlungen: So lautet das Fazit der j\u00fcngsten Japan-Reise einer Delegation unter Leitung von Oberb\u00fcrgermeister Frank Meyer. W\u00e4hrend des einw\u00f6chigen Aufenthalts wurden sechs der in Krefeld ans\u00e4ssigen japanischen Unternehmen an ihrem Hauptsitz besucht, wobei in den meisten F\u00e4llen auch eine ausf\u00fchrliche Besichtigung der Produktion auf dem Programm stand.<\/p>\n\n\n\n<p>Dies war gleich beim ersten Firmenbesuch der Fall, der die Delegation zur Zentrale von Tamasu Butterfly f\u00fchrte, des seit 2016 in Krefeld ans\u00e4ssigen Spezialisten f\u00fcr Tischtennis-Equipment. Der Sitz des Unternehmens ist in Torokozawa im Nordwesten von Tokio. Nach der Begr\u00fc\u00dfung durch die Pr\u00e4sidentin und Gesch\u00e4ftsf\u00fchrerin Takako Osawa konnte die Delegation die handarbeitsintensive Holz- und Belagproduktion f\u00fcr Tischtennisschl\u00e4ger in Augenschein nehmen. Zur\u00fcck in Tokio ging es in die neue Zentrale des seit 2004 im Europark Fichtenhain ans\u00e4ssigen Unternehmens Hitachi High-Tech. Pr\u00e4sident und CEO Takashi Iizumi begr\u00fc\u00dfte die G\u00e4ste und bedankte sich f\u00fcr die langj\u00e4hrige Unterst\u00fctzung des deutschen Standortes durch die Stadt und Wirtschaftsf\u00f6rderung Krefeld.<\/p>\n\n\n\n<p>Einen ganzen Tag widmete die Delegation dem Besuch des Hauptsitzes der Firma Nachi in der an der Nordk\u00fcste auf der anderen Seite der japanischen Alpen gelegenen Stadt Toyama. Dort war der Chairman und CEO der Nachi-Fujikoshi Corp., Hiroo Honma, Gastgeber und lud die Delegation im Anschluss an die Besichtigung von Produktion, Showroom und dem firmeneigenen Museum auch in das heute als Gasthaus genutzte ehemalige Privathaus des Firmengr\u00fcnders ein. Erstmals seit der Ansiedlung der Nachi Europe GmbH im Jahr 2005 an der Bischofstra\u00dfe hat eine st\u00e4dtische Delegation die Firmenzentrale des Spezialisten f\u00fcr Robotik besucht.<\/p>\n\n\n\n<p>Schon deutlich l\u00e4nger in Krefeld ans\u00e4ssig ist die Europazentrale des Werkzeugmaschinenherstellers Okuma. 1989 wurde der Bau des ersten japanischen Unternehmens im Europark Fichtenhain in Betrieb genommen. F\u00fcr den Besuch des Hauptsitzes ging es f\u00fcr die Delegation mit dem Shinkansen-Schnellzug in das rund 350 Kilometer s\u00fcdwestlich von Tokio gelegene Nagoya, um unweit der Millionenstadt mehrere Produktionsst\u00e4tten des Unternehmens zu besuchen. Auch hier wurden die G\u00e4ste aus Krefeld hochrangig empfangen, durch den Pr\u00e4sidenten Dr. Atsushi Ieki und den CEO der Okuma Europe GmbH, Takeshi Yamamoto.<\/p>\n\n\n\n<p>Nahezu unmittelbarer Nachbar im Europark Fichtenhain, in Japan mit der Zentrale aber \u00fcber hundert Kilometer entfernt, ist die Firma Kawai, so dass es einer weiteren Shinkansen-Fahrt bedurfte, um das Headquarter in Hamamatsu zu besuchen. Hier stand neben einer ausf\u00fchrlichen Besichtigung der Piano-Produktion auch eine Kostprobe musikalischer F\u00e4higkeiten auf dem Programm. Ein H\u00f6hepunkt war das Treffen mit dem neuen Pr\u00e4sidenten Kentaro Kawai, der seit kurzem in vierter Generation das 1927 gegr\u00fcndete Unternehmen leitet, das in Krefeld seit 1992 seine Europa-Zentrale hat. Im Krefelder Hafen ans\u00e4ssig ist der Automobilzulieferer THK Rhythm Automotive mit Zentrale in Tokio. Das Unternehmen ist aber auch in Hamamatsu mit gro\u00dfen Produktionsst\u00e4tten vertreten. Hier wurde die Krefeld-Delegation zum Abschluss ihrer Reise vom eigens aus Tokio angereisten Direktor der Holding THK Co. Ltd., Nobuyuki Maki, empfangen und pers\u00f6nlich durch die beeindruckend gro\u00dfen Hallen gef\u00fchrt. Dort werden, vergleichbar mit dem Gelleper Werk f\u00fcr die hiesigen Hersteller, Lenkungs- und Fahrwerkselemente f\u00fcr die japanische Automobilindustrie gefertigt.<\/p>\n\n\n\n<p>Neben den Firmenbesuchen konnte die Delegation, der unter anderem auch Wirtschaftsdezernent Eckart Preen, Hafen-Gesch\u00e4ftsf\u00fchrer Patrick A. Wisotzky und WFG-Prokurist Andreas Struwe angeh\u00f6rten, auch Vertreter der Deutschen Industrie- und Handelskammer in Japan und der Deutschen Botschaft in Tokio kennenlernen. Zudem wurde der Standort Krefeld im Rahmen einer von NRW-Global Business organisierten Abendveranstaltung mit rund zwei Dutzend Vertretern verschiedener Unternehmen und Institutionen pr\u00e4sentiert. Dabei wurde deutlich, dass in Japan nach wie vor ein gro\u00dfes Interesse am Standort Nordrhein-Westfalen besteht und es einige konkrete Ansiedlungsinteressenten gibt, die f\u00fcr die neu gekn\u00fcpften Kontakte und die anschlie\u00dfende Unterst\u00fctzung vor Ort dankbar sind. \u201eDie Stadt Krefeld als einer der wichtigsten Standorte japanischer Unternehmen in NRW hat hierbei gute Perspektiven \u2013 auch dank der direkten Kontakte, die auf solchen Reisen gekn\u00fcpft werden\u201c, sagt Wirtschaftsdezernent Eckart Preen.<\/p>\n\n\n\n<p>Quelle: <a href=\"http:\/\/www.krefeld.de\">Stadt Krefeld<\/a><\/p>\n\n\n<figure class=\"wp-block-post-featured-image\"><img loading=\"lazy\" decoding=\"async\" width=\"1200\" height=\"675\" src=\"https:\/\/standort-niederrhein.de\/wp-content\/uploads\/2024\/05\/ob-japan-okuma_1200.jpg\" class=\"attachment-post-thumbnail size-post-thumbnail wp-post-image\" alt=\"\" style=\"object-fit:cover;\" srcset=\"https:\/\/standort-niederrhein.de\/wp-content\/uploads\/2024\/05\/ob-japan-okuma_1200.jpg 1200w, https:\/\/standort-niederrhein.de\/wp-content\/uploads\/2024\/05\/ob-japan-okuma_1200-980x551.jpg 980w, https:\/\/standort-niederrhein.de\/wp-content\/uploads\/2024\/05\/ob-japan-okuma_1200-480x270.jpg 480w\" sizes=\"(min-width: 0px) and (max-width: 480px) 480px, (min-width: 481px) and (max-width: 980px) 980px, (min-width: 981px) 1200px, 100vw\" \/><\/figure>\n\n\n<p>Der CEO der Firma Okuma, welche auch eine Zweigstelle in Krefeld besitzt, empf\u00e4ngt Oberb\u00fcrgermeister Frank Meyer. | Foto: Stadt Krefeld, Presse und Kommunikation<\/p>\n","protected":false},"excerpt":{"rendered":"<p>Krefeld. Gro\u00dfe Wertsch\u00e4tzung durch hochrangige Unternehmensvertreter, durchgehend gute Perspektiven f\u00fcr die Krefelder Standorte plus einige aussichtsreiche Ansatzpunkte f\u00fcr m\u00f6gliche Neuansiedlungen: So lautet das Fazit der j\u00fcngsten Japan-Reise einer Delegation unter Leitung von Oberb\u00fcrgermeister Frank Meyer. W\u00e4hrend des einw\u00f6chigen Aufenthalts wurden sechs der in Krefeld ans\u00e4ssigen japanischen Unternehmen an ihrem Hauptsitz besucht, wobei in den meisten [&hellip;]<\/p>\n","protected":false},"author":3,"featured_media":4118,"comment_status":"closed","ping_status":"closed","sticky":false,"template":"","format":"standard","meta":{"_et_pb_use_builder":"","_et_pb_old_content":"","_et_gb_content_width":"","footnotes":""},"categories":[1],"tags":[],"class_list":["post-4072","post","type-post","status-publish","format-standard","has-post-thumbnail","hentry","category-allgemein"],"_links":{"self":[{"href":"https:\/\/standort-niederrhein.de\/en\/wp-json\/wp\/v2\/posts\/4072","targetHints":{"allow":["GET"]}}],"collection":[{"href":"https:\/\/standort-niederrhein.de\/en\/wp-json\/wp\/v2\/posts"}],"about":[{"href":"https:\/\/standort-niederrhein.de\/en\/wp-json\/wp\/v2\/types\/post"}],"author":[{"embeddable":true,"href":"https:\/\/standort-niederrhein.de\/en\/wp-json\/wp\/v2\/users\/3"}],"replies":[{"embeddable":true,"href":"https:\/\/standort-niederrhein.de\/en\/wp-json\/wp\/v2\/comments?post=4072"}],"version-history":[{"count":2,"href":"https:\/\/standort-niederrhein.de\/en\/wp-json\/wp\/v2\/posts\/4072\/revisions"}],"predecessor-version":[{"id":4119,"href":"https:\/\/standort-niederrhein.de\/en\/wp-json\/wp\/v2\/posts\/4072\/revisions\/4119"}],"wp:featuredmedia":[{"embeddable":true,"href":"https:\/\/standort-niederrhein.de\/en\/wp-json\/wp\/v2\/media\/4118"}],"wp:attachment":[{"href":"https:\/\/standort-niederrhein.de\/en\/wp-json\/wp\/v2\/media?parent=4072"}],"wp:term":[{"taxonomy":"category","embeddable":true,"href":"https:\/\/standort-niederrhein.de\/en\/wp-json\/wp\/v2\/categories?post=4072"},{"taxonomy":"post_tag","embeddable":true,"href":"https:\/\/standort-niederrhein.de\/en\/wp-json\/wp\/v2\/tags?post=4072"}],"curies":[{"name":"wp","href":"https:\/\/api.w.org\/{rel}","templated":true}]}}