{"id":4066,"date":"2024-05-04T06:00:00","date_gmt":"2024-05-04T04:00:00","guid":{"rendered":"https:\/\/invest-in-niederrhein.de\/?p=4066"},"modified":"2024-05-03T12:32:20","modified_gmt":"2024-05-03T10:32:20","slug":"positive-prognose-zum-haushaltsergebnis-fuer-2023-bestaetigt","status":"publish","type":"post","link":"https:\/\/standort-niederrhein.de\/en\/2024\/05\/04\/positive-prognose-zum-haushaltsergebnis-fuer-2023-bestaetigt\/","title":{"rendered":"Positive Prognose zum Haushaltsergebnis f\u00fcr 2023 best\u00e4tigt"},"content":{"rendered":"\n<p><strong>Krefeld. <\/strong>Die Jahresabschlussarbeiten sind noch in vollem Gange, und es zeichnet sich ab, dass das von Stadtk\u00e4mmerer Ulrich Cyprian am 27. Februar im Ausschuss f\u00fcr Finanzen und Beteiligungen (AFB) vorgestellte vorl\u00e4ufige Jahresergebnis 2023 weiterhin mit einem positiven Wert abschlie\u00dfen wird. In der Sitzung des AFB am 2. Mai wird Stadtk\u00e4mmerer Cyprian den Mitgliedern ein voraussichtliches Jahresergebnis mit einem Plus von 7,1 Millionen Euro pr\u00e4sentieren. Damit liegt das Ergebnis um rund 300.000 Euro besser als die vom Rat beschlossene Haushaltsplanung f\u00fcr das Jahr 2023 von plus 6,8 Millionen Euro.<\/p>\n\n\n\n<p>Bei einzelnen Positionen sind allerdings teilweise enorme Ver\u00e4nderungen zu verzeichnen, das macht die entsprechende Ausschussvorlage der Finanzverwaltung deutlich: So liegt die Gewerbesteuer 42,4 Millionen Euro \u00fcber dem Planwert von 177,5 Millionen Euro und erreicht mit 219,9 Millionen Euro ein neues Rekordergebnis. Des Weiteren ergeben sich Verbesserungen bei den Kosten der Unterkunft von 4,8 Millionen Euro, bei der ambulanten Pflege und den station\u00e4ren Hilfen von insgesamt 4,5 Millionen Euro und bei den Betriebskostenzusch\u00fcssen f\u00fcr Kindertageseinrichtungen von 4,4 Millionen Euro. Demgegen\u00fcber stehen Verschlechterungen bei den Personal- und Versorgungsaufwendungen auf Grund von Tarifsteigerungen von 15,2 Millionen Euro, bei den Ertr\u00e4gen zum Breitbandausbau von 9,3 Millionen Euro, bei den Zinsen an Kreditinstitute von 5,7 Millionen Euro und bei den Elternbeitr\u00e4gen f\u00fcr Kindertageseinrichtungen und Kindertagespflege in H\u00f6he von f\u00fcnf Millionen Euro.<\/p>\n\n\n\n<p>Stadtk\u00e4mmerer Cyprian weist darauf hin, dass die eingeplante Einsparung durch die pauschale Rechnungsgr\u00f6\u00dfe des globalen Minderaufwandes von zehn Millionen Euro im Jahresergebnis ber\u00fccksichtigt sei und somit dieses Einsparziel im Jahr 2023 erreicht werde. \u201eAuch unter Ber\u00fccksichtigung der zahlreichen \u00e4u\u00dferen unbeeinflussbaren Faktoren ist das diesbez\u00fcgliche Einsparziel erreicht worden\u201c, so Cyprian. Die M\u00f6glichkeit der Einplanung eines globalen Minderaufwandes ist auch in dem Haushaltsplanentwurf zum Doppelhaushalt 2024\/2025 ber\u00fccksichtigt. Es mussten au\u00dferdem zahlreiche Risiken und Herausforderungen wie ein steigendes Zinsniveau, der Wegfall der Bilanzierungshilfe sowie geringere Schl\u00fcsselzuweisungen, mit denen viele Kommunen zu k\u00e4mpfen haben, bew\u00e4ltigt werden.<\/p>\n\n\n\n<p>Quelle: <a href=\"http:\/\/www.krefeld.de\">Stadt Krefeld<\/a><\/p>\n","protected":false},"excerpt":{"rendered":"<p>Krefeld. Die Jahresabschlussarbeiten sind noch in vollem Gange, und es zeichnet sich ab, dass das von Stadtk\u00e4mmerer Ulrich Cyprian am 27. Februar im Ausschuss f\u00fcr Finanzen und Beteiligungen (AFB) vorgestellte vorl\u00e4ufige Jahresergebnis 2023 weiterhin mit einem positiven Wert abschlie\u00dfen wird. In der Sitzung des AFB am 2. Mai wird Stadtk\u00e4mmerer Cyprian den Mitgliedern ein voraussichtliches [&hellip;]<\/p>\n","protected":false},"author":3,"featured_media":0,"comment_status":"closed","ping_status":"closed","sticky":false,"template":"","format":"standard","meta":{"_et_pb_use_builder":"","_et_pb_old_content":"","_et_gb_content_width":"","footnotes":""},"categories":[1],"tags":[],"class_list":["post-4066","post","type-post","status-publish","format-standard","hentry","category-allgemein"],"_links":{"self":[{"href":"https:\/\/standort-niederrhein.de\/en\/wp-json\/wp\/v2\/posts\/4066","targetHints":{"allow":["GET"]}}],"collection":[{"href":"https:\/\/standort-niederrhein.de\/en\/wp-json\/wp\/v2\/posts"}],"about":[{"href":"https:\/\/standort-niederrhein.de\/en\/wp-json\/wp\/v2\/types\/post"}],"author":[{"embeddable":true,"href":"https:\/\/standort-niederrhein.de\/en\/wp-json\/wp\/v2\/users\/3"}],"replies":[{"embeddable":true,"href":"https:\/\/standort-niederrhein.de\/en\/wp-json\/wp\/v2\/comments?post=4066"}],"version-history":[{"count":1,"href":"https:\/\/standort-niederrhein.de\/en\/wp-json\/wp\/v2\/posts\/4066\/revisions"}],"predecessor-version":[{"id":4067,"href":"https:\/\/standort-niederrhein.de\/en\/wp-json\/wp\/v2\/posts\/4066\/revisions\/4067"}],"wp:attachment":[{"href":"https:\/\/standort-niederrhein.de\/en\/wp-json\/wp\/v2\/media?parent=4066"}],"wp:term":[{"taxonomy":"category","embeddable":true,"href":"https:\/\/standort-niederrhein.de\/en\/wp-json\/wp\/v2\/categories?post=4066"},{"taxonomy":"post_tag","embeddable":true,"href":"https:\/\/standort-niederrhein.de\/en\/wp-json\/wp\/v2\/tags?post=4066"}],"curies":[{"name":"wp","href":"https:\/\/api.w.org\/{rel}","templated":true}]}}