{"id":4053,"date":"2024-04-30T08:00:00","date_gmt":"2024-04-30T06:00:00","guid":{"rendered":"https:\/\/invest-in-niederrhein.de\/?p=4053"},"modified":"2024-04-30T09:23:51","modified_gmt":"2024-04-30T07:23:51","slug":"stadt-und-ewmg-uebergeben-erste-kita-in-modularer-holztafelbauweise","status":"publish","type":"post","link":"https:\/\/standort-niederrhein.de\/en\/2024\/04\/30\/stadt-und-ewmg-uebergeben-erste-kita-in-modularer-holztafelbauweise\/","title":{"rendered":"Stadt und EWMG \u00fcbergeben erste Kita in modularer Holztafelbauweise"},"content":{"rendered":"\n<p><strong>M\u00f6nchengladbach.<\/strong> Nach nur etwa 12 Monaten Bauzeit hat die neue Kindertagesst\u00e4tte \u201eFabelkiste\u201c auf der st\u00e4dtischen Fl\u00e4che An der Holter Heide ihren Betrieb aufgenommen. Die erste von insgesamt zwei Kitas in modularer Holztafelbauweise wurde jetzt von der Stadt und der Entwicklungsgesellschaft der Stadt M\u00f6nchengladbach mbH (EWMG) als Bauherrin an den Tr\u00e4ger, das Kinderzentrum Rappelkiste e.V., \u00fcbergeben.<br>Mit der neuen Kita kommt die Stadt ihrem Ziel, die Betreuungspl\u00e4tze auszubauen, einen weiteren Schritt n\u00e4her. Die Kita Fabelkiste, die bereits im April ihre T\u00fcren ge\u00f6ffnet hat, bietet Platz f\u00fcr 70 Kinder. Diese neue Kita ist das Ergebnis einer engen Zusammenarbeit zwischen der EWMG und der Zimmermann Haus GmbH, die als Totalunternehmer das Projekt schl\u00fcsselfertig realisierte. \u201eKinderbetreuung ist essenziell, will eine Stadt sich als lebenswerter Wohnstandort bewerben. Daher sind wir froh, hier einen Beitrag leisten zu k\u00f6nnen\u201c, sagt Dr. Ulrich Sch\u00fcckhaus, Vorsitzender der EWMG-Gesch\u00e4ftsf\u00fchrung.<\/p>\n\n\n\n<p><strong>Nachhaltigkeit im Fokus<\/strong><br>Das Geb\u00e4ude wurde unter dem Cradle-to-Cradle-Ansatz f\u00fcr den biologischen und technischen Materialkreislauf sowie den Nachhaltigkeitskriterien des Bewertungssystems f\u00fcr Nachhaltiges Bauen des Bundesbauministeriums errichtet. Dabei wird z.B. auf den Einsatz von Holz aus nachhaltiger Forstwirtschaft geachtet. \u201eWir setzen mit dem Holzbau ein starkes Zeichen f\u00fcr umweltbewusstes Bauen und tragen gleichzeitig zu einem gesunden Raumklima f\u00fcr die Kinder bei\u201c, erl\u00e4utert Sch\u00fcckhaus.<br>D\u00f6rte Schall, Stadtdirektorin und Beigeordnete der Stadt M\u00f6nchengladbach, hebt die Bedeutung der neuen Kita f\u00fcr die Stadt hervor: \u201eDie Er\u00f6ffnung der Kita Fabelkiste ist ein weiterer wichtiger Schritt zur Verbesserung der Betreuungssituation in M\u00f6nchengladbach. Sie erm\u00f6glicht es uns, auf die wachsenden Bed\u00fcrfnisse junger Familien zu reagieren.\u201c Aufgrund der Vielzahl laufender Wohnbauprojekte und des Zuzugs von Gefl\u00fcchteten ist nach wie vor mit einem Anstieg der Kinder unter drei Jahren zu rechnen. \u201eWir brauchen jeden Neubau\u201c, betont die Leiterin des Dezernats f\u00fcr Recht, Soziales, Jugend, Gesundheit und Verbraucherschutz.<\/p>\n\n\n\n<p><strong>P\u00e4dagogisches Konzept der Rappelkiste<\/strong><br>Die Rappelkiste bringt ein bew\u00e4hrtes p\u00e4dagogisches Konzept in die neue Einrichtung ein: F\u00f6rderung der emotionalen Kompetenz, frisch zubereitete Vollwertkost und frische Luft bei jedem Wetter. \u201eUnsere Einrichtung steht f\u00fcr eine ganzheitliche F\u00f6rderung der Kinder. Die individuelle Eingew\u00f6hnung, Sprachf\u00f6rderung, Inklusion und Bewegung durch Schwimm-AG oder w\u00f6chentliche Waldtage sind zentrale S\u00e4ulen unseres Konzepts\u201c, erkl\u00e4rt Jennifer Wilbertz, Bereichsleitung der Rappelkiste. Die gemeinn\u00fctzige Einrichtung ist ein erfahrener Tr\u00e4ger, der Kinder im Alter von 0 bis 6 Jahren an verschiedenen Standorten in M\u00f6nchengladbach betreut, u.a. in Rheydt, Rheindahlen, Wickrath, Wickrathberg \u2013 und jetzt auch in Holt. \u201eIn unseren Einrichtungen sind die Gruppen bez\u00fcglich Alter, Geschlecht, Nationalit\u00e4t und Konfession gemischt. Das lehrt die Kinder von Beginn an, Toleranz zu leben und Vielfalt als Wert und Normalit\u00e4t zu betrachten\u201c, erg\u00e4nzt Wilbertz.<\/p>\n\n\n\n<p><strong>Ausblick zum weiteren Kita-Bau<\/strong><br>Die Arbeiten an der zweiten EWMG-Kindertagesst\u00e4tte in der Carl-Diem-Stra\u00dfe schreiten voran. Die Er\u00f6ffnung ist f\u00fcr das zweite Quartal 2024 vorgesehen. Die EWMG engagiert sich damit f\u00fcr die Entwicklung sozialer Infrastrukturen. \u201eUnsere Projekte sind ein klares Bekenntnis zur Zukunftsf\u00e4higkeit und Familienfreundlichkeit unserer Stadt\u201c, so Sch\u00fcckhaus.<\/p>\n\n\n\n<p>Quelle: <a href=\"http:\/\/www.ewmg.de\">EWMG<\/a><\/p>\n\n\n<figure class=\"wp-block-post-featured-image\"><img loading=\"lazy\" decoding=\"async\" width=\"625\" height=\"415\" src=\"https:\/\/standort-niederrhein.de\/wp-content\/uploads\/2024\/04\/Neue-Kita-An-der-Holter-Heide.jpg\" class=\"attachment-post-thumbnail size-post-thumbnail wp-post-image\" alt=\"\" style=\"object-fit:cover;\" srcset=\"https:\/\/standort-niederrhein.de\/wp-content\/uploads\/2024\/04\/Neue-Kita-An-der-Holter-Heide.jpg 625w, https:\/\/standort-niederrhein.de\/wp-content\/uploads\/2024\/04\/Neue-Kita-An-der-Holter-Heide-480x319.jpg 480w\" sizes=\"(min-width: 0px) and (max-width: 480px) 480px, (min-width: 481px) 625px, 100vw\" \/><\/figure>\n\n\n<p>Foto: EWMG\/ Albuquerque<\/p>\n","protected":false},"excerpt":{"rendered":"<p>M\u00f6nchengladbach. Nach nur etwa 12 Monaten Bauzeit hat die neue Kindertagesst\u00e4tte \u201eFabelkiste\u201c auf der st\u00e4dtischen Fl\u00e4che An der Holter Heide ihren Betrieb aufgenommen. Die erste von insgesamt zwei Kitas in modularer Holztafelbauweise wurde jetzt von der Stadt und der Entwicklungsgesellschaft der Stadt M\u00f6nchengladbach mbH (EWMG) als Bauherrin an den Tr\u00e4ger, das Kinderzentrum Rappelkiste e.V., \u00fcbergeben.Mit [&hellip;]<\/p>\n","protected":false},"author":3,"featured_media":4054,"comment_status":"closed","ping_status":"closed","sticky":false,"template":"","format":"standard","meta":{"_et_pb_use_builder":"","_et_pb_old_content":"","_et_gb_content_width":"","footnotes":""},"categories":[1],"tags":[],"class_list":["post-4053","post","type-post","status-publish","format-standard","has-post-thumbnail","hentry","category-allgemein"],"_links":{"self":[{"href":"https:\/\/standort-niederrhein.de\/en\/wp-json\/wp\/v2\/posts\/4053","targetHints":{"allow":["GET"]}}],"collection":[{"href":"https:\/\/standort-niederrhein.de\/en\/wp-json\/wp\/v2\/posts"}],"about":[{"href":"https:\/\/standort-niederrhein.de\/en\/wp-json\/wp\/v2\/types\/post"}],"author":[{"embeddable":true,"href":"https:\/\/standort-niederrhein.de\/en\/wp-json\/wp\/v2\/users\/3"}],"replies":[{"embeddable":true,"href":"https:\/\/standort-niederrhein.de\/en\/wp-json\/wp\/v2\/comments?post=4053"}],"version-history":[{"count":1,"href":"https:\/\/standort-niederrhein.de\/en\/wp-json\/wp\/v2\/posts\/4053\/revisions"}],"predecessor-version":[{"id":4055,"href":"https:\/\/standort-niederrhein.de\/en\/wp-json\/wp\/v2\/posts\/4053\/revisions\/4055"}],"wp:featuredmedia":[{"embeddable":true,"href":"https:\/\/standort-niederrhein.de\/en\/wp-json\/wp\/v2\/media\/4054"}],"wp:attachment":[{"href":"https:\/\/standort-niederrhein.de\/en\/wp-json\/wp\/v2\/media?parent=4053"}],"wp:term":[{"taxonomy":"category","embeddable":true,"href":"https:\/\/standort-niederrhein.de\/en\/wp-json\/wp\/v2\/categories?post=4053"},{"taxonomy":"post_tag","embeddable":true,"href":"https:\/\/standort-niederrhein.de\/en\/wp-json\/wp\/v2\/tags?post=4053"}],"curies":[{"name":"wp","href":"https:\/\/api.w.org\/{rel}","templated":true}]}}