{"id":4010,"date":"2024-04-30T06:00:00","date_gmt":"2024-04-30T04:00:00","guid":{"rendered":"https:\/\/invest-in-niederrhein.de\/?p=4010"},"modified":"2024-04-29T10:42:13","modified_gmt":"2024-04-29T08:42:13","slug":"huelser-berg-jetzt-mit-ausreichend-mobilfunk-versorgt","status":"publish","type":"post","link":"https:\/\/standort-niederrhein.de\/en\/2024\/04\/30\/huelser-berg-jetzt-mit-ausreichend-mobilfunk-versorgt\/","title":{"rendered":"H\u00fclser Berg jetzt mit ausreichend Mobilfunk versorgt"},"content":{"rendered":"\n<p><strong>Krefeld.<\/strong> J\u00fcngst war der H\u00fclser Berg noch ein \u201ewei\u00dfer Mobilfunkfleck\u201c. Als solches wird in der Fachsprache ein Gebiet genannt, das hinsichtlich seiner Mobilfunkversorgung kein ausreichendes Datenvolumen \u00fcber Mobilfunk aufweisen kann.&nbsp;<\/p>\n\n\n\n<p>\u201eJetzt aber wird auch dort das letzte gro\u00dfe Funkloch in Krefeld beseitigt\u201c, so Wirtschaftsdezernent Eckart Preen. Der Leiter von KREFELD BUSINESS kann sich noch gut an die Ausgangslage n\u00f6rdlich des H\u00fclser Bergs erinnern, gab es hier bis vor Kurzem doch weder eine nennenswerte Mobilfunk- noch eine Breitbandversorgung. \u201eAls Antwort auf die vielfache Anwohnerkritik hat die Stadt Krefeld das Programm des nordrheinwestf\u00e4lischen Wirtschaftsministeriums zur F\u00f6rderung eines Mobilfunkkoordinators in Anspruch genommen. Von diesem werden alle Themen rund um den Mobilfunk geb\u00fcndelt und fokussiert bearbeitet.\u201c<\/p>\n\n\n\n<p>Holger Rimroth, seit 1. Juli 2023 st\u00e4dtischer Mobilfunkbeauftragter, freut sich, dass er den bereits vor seinem Amtsantritt vom Wirtschaftsdezernat angesto\u00dfenen Prozess erfolgreich abschlie\u00dfen konnte. So hat der Netzbetreiber \u2013 die Telekom \u2013 im M\u00e4rz dieses Jahres den Mobilfunkmast am Lookdyk aktiviert, der seither die Versorgung mit \u201e4G\u201c \u2013 dem Mobilfunk der vierten Generation \u2013 am H\u00fclser Berg sicherstellt. Damit geh\u00f6rt der \u201ewei\u00dfe Fleck\u201c in der dortigen Netzversorgung der Vergangenheit an. Vielmehr haben jetzt Anwohnerinnen und Anwohner sowie Spazierg\u00e4ngerinnen und Spazierg\u00e4nger Handyempfang im Gr\u00fcnen.\u00a0\u00a0\u00a0\u00a0 Die B\u00fcrgerinnen und B\u00fcrger sind es im \u00dcbrigen auch, die dazu beitragen k\u00f6nnen, dass sich Krefeld als Kommune digital optimal aufstellen kann. \u201eDas wird n\u00e4mlich nur gemeinsam funktionieren. Schlie\u00dflich bilden die verschiedenen ver\u00f6ffentlichten Abbildungen und Karten zur Mobilfunkabdeckung nicht immer das pers\u00f6nliche Empfinden und die nutzbare Netzqualit\u00e4t des Einzelnen ab\u201c, erkl\u00e4rt Preen und betont: \u201eWir sind dankbar f\u00fcr alle Mobilfunknutzerinnen und -nutzer, die uns \u00fcber das st\u00e4dtische Beteiligungsportal weiterhin bestehende Funkl\u00f6cher melden. Denn nur wenn wir die Bedarfe kennen, k\u00f6nnen wir Abhilfe schaffen, uns mit Netzbetreibern in Verbindung setzen und den Ausbau vorantreiben.\u201c Und Rimroth erg\u00e4nzt: \u201eAuf diese Weise k\u00f6nnen wir als Kommune die einzelnen Meldungen sammeln, wodurch die einzelne Kundenstimme mehr Gewicht erh\u00e4lt.\u201c Folglich ermuntert der technische Fachwirt die Krefelderinnen und Krefelder dazu, das Beteiligungsportal zu nutzen: \u201eWeil es einfach, selbsterkl\u00e4rend und zielf\u00fchrend ist.<\/p>\n\n\n\n<p>Quelle: <a href=\"http:\/\/www.krefeld-business.de\">KREFELD BUSINESS<\/a><\/p>\n\n\n<figure class=\"wp-block-post-featured-image\"><img loading=\"lazy\" decoding=\"async\" width=\"1536\" height=\"2048\" src=\"https:\/\/standort-niederrhein.de\/wp-content\/uploads\/2024\/04\/Mast_Lookdyk_Urheber_Holger_Rimroth_Nutzungsrechte_KREFELD_BUSINESS.jpeg\" class=\"attachment-post-thumbnail size-post-thumbnail wp-post-image\" alt=\"\" style=\"object-fit:cover;\" srcset=\"https:\/\/standort-niederrhein.de\/wp-content\/uploads\/2024\/04\/Mast_Lookdyk_Urheber_Holger_Rimroth_Nutzungsrechte_KREFELD_BUSINESS.jpeg 1536w, https:\/\/standort-niederrhein.de\/wp-content\/uploads\/2024\/04\/Mast_Lookdyk_Urheber_Holger_Rimroth_Nutzungsrechte_KREFELD_BUSINESS-1280x1707.jpeg 1280w, https:\/\/standort-niederrhein.de\/wp-content\/uploads\/2024\/04\/Mast_Lookdyk_Urheber_Holger_Rimroth_Nutzungsrechte_KREFELD_BUSINESS-980x1307.jpeg 980w, https:\/\/standort-niederrhein.de\/wp-content\/uploads\/2024\/04\/Mast_Lookdyk_Urheber_Holger_Rimroth_Nutzungsrechte_KREFELD_BUSINESS-480x640.jpeg 480w\" sizes=\"(min-width: 0px) and (max-width: 480px) 480px, (min-width: 481px) and (max-width: 980px) 980px, (min-width: 981px) and (max-width: 1280px) 1280px, (min-width: 1281px) 1536px, 100vw\" \/><\/figure>\n\n\n<p>Mobilfunkmast am Lookdyck | Urheber: Holger Rimroth, Nutzungsrechte: KREFELD BUSINESS<\/p>\n","protected":false},"excerpt":{"rendered":"<p>Krefeld. J\u00fcngst war der H\u00fclser Berg noch ein \u201ewei\u00dfer Mobilfunkfleck\u201c. Als solches wird in der Fachsprache ein Gebiet genannt, das hinsichtlich seiner Mobilfunkversorgung kein ausreichendes Datenvolumen \u00fcber Mobilfunk aufweisen kann.&nbsp; \u201eJetzt aber wird auch dort das letzte gro\u00dfe Funkloch in Krefeld beseitigt\u201c, so Wirtschaftsdezernent Eckart Preen. Der Leiter von KREFELD BUSINESS kann sich noch gut [&hellip;]<\/p>\n","protected":false},"author":3,"featured_media":4011,"comment_status":"closed","ping_status":"closed","sticky":false,"template":"","format":"standard","meta":{"_et_pb_use_builder":"","_et_pb_old_content":"","_et_gb_content_width":"","footnotes":""},"categories":[1],"tags":[],"class_list":["post-4010","post","type-post","status-publish","format-standard","has-post-thumbnail","hentry","category-allgemein"],"_links":{"self":[{"href":"https:\/\/standort-niederrhein.de\/en\/wp-json\/wp\/v2\/posts\/4010","targetHints":{"allow":["GET"]}}],"collection":[{"href":"https:\/\/standort-niederrhein.de\/en\/wp-json\/wp\/v2\/posts"}],"about":[{"href":"https:\/\/standort-niederrhein.de\/en\/wp-json\/wp\/v2\/types\/post"}],"author":[{"embeddable":true,"href":"https:\/\/standort-niederrhein.de\/en\/wp-json\/wp\/v2\/users\/3"}],"replies":[{"embeddable":true,"href":"https:\/\/standort-niederrhein.de\/en\/wp-json\/wp\/v2\/comments?post=4010"}],"version-history":[{"count":2,"href":"https:\/\/standort-niederrhein.de\/en\/wp-json\/wp\/v2\/posts\/4010\/revisions"}],"predecessor-version":[{"id":4016,"href":"https:\/\/standort-niederrhein.de\/en\/wp-json\/wp\/v2\/posts\/4010\/revisions\/4016"}],"wp:featuredmedia":[{"embeddable":true,"href":"https:\/\/standort-niederrhein.de\/en\/wp-json\/wp\/v2\/media\/4011"}],"wp:attachment":[{"href":"https:\/\/standort-niederrhein.de\/en\/wp-json\/wp\/v2\/media?parent=4010"}],"wp:term":[{"taxonomy":"category","embeddable":true,"href":"https:\/\/standort-niederrhein.de\/en\/wp-json\/wp\/v2\/categories?post=4010"},{"taxonomy":"post_tag","embeddable":true,"href":"https:\/\/standort-niederrhein.de\/en\/wp-json\/wp\/v2\/tags?post=4010"}],"curies":[{"name":"wp","href":"https:\/\/api.w.org\/{rel}","templated":true}]}}