{"id":3997,"date":"2024-04-26T06:00:00","date_gmt":"2024-04-26T04:00:00","guid":{"rendered":"https:\/\/invest-in-niederrhein.de\/?p=3997"},"modified":"2024-04-23T09:51:31","modified_gmt":"2024-04-23T07:51:31","slug":"nachhaltige-wege-bei-der-vermarktung-des-industrieparks-elsbachtal","status":"publish","type":"post","link":"https:\/\/standort-niederrhein.de\/en\/2024\/04\/26\/nachhaltige-wege-bei-der-vermarktung-des-industrieparks-elsbachtal\/","title":{"rendered":"Nachhaltige Wege bei der Vermarktung des Industrieparks Elsbachtal"},"content":{"rendered":"\n<p><strong>J\u00fcchen.<\/strong> Bei der Vermarktung der Fl\u00e4chen des geplanten interkommunalen Gewerbegebietes Industriepark Elsbachtal spielen nicht nur wirtschaftliche, sondern auch Nachhaltigkeits\u00adkriterien eine wichtige Rolle. Die Wirtschaftsf\u00f6rderungen der St\u00e4dte Grevenbroich (GFWS) und J\u00fcchen haben dazu gemein\u00adsam mit der Eigent\u00fcmerin RWE Power AG ein innovatives und zukunftsweisendes Verfahren auf den Weg gebracht. Damit soll sichergestellt werden, dass Nachhaltigkeitskriterien bereits in den ersten \u00dcberlegungen zur Fl\u00e4chenvergabe ber\u00fccksichtigt werden. Nach einer ersten Qualifizierungsrunde wurden nun Unternehmen ausgew\u00e4hlt, mit denen weitere Gespr\u00e4che gef\u00fchrt werden.<br><br>Der Industriepark Elsbachtal, ein interkommunales Gewerbe\u00adgebiet der St\u00e4dte J\u00fcchen und Grevenbroich, bietet mit einer Fl\u00e4che von 42 ha viel Raum f\u00fcr neue Gewerbeansiedlungen. Dabei ist das Areal an der ehemaligen Bundesautobahn 540, heute B59n, als Industriegebiet ausgewiesen und richtet sich vorrangig an gr\u00f6\u00dfere Gewerbebetriebe mit 24\/7-Betrieb, indus\u00adtrielle Produktionen und sogenannte St\u00f6rfallbetriebe, die nicht<br>unmittelbar in oder angrenzend an Wohngebiete angesiedelt werden k\u00f6nnen.<br><br><strong>Innovatives Fl\u00e4chenvergabeverfahren<br><\/strong>Um geeignete Unternehmen anzusprechen, haben die Kom\u00admunen gemeinsam mit RWE Power zun\u00e4chst einen Kriterien\u00adkatalog zur Vergabe der Fl\u00e4chen entwickelt. Klassische Kriterien wie Arbeitsplatzdichte und -qualit\u00e4t und Gewerbesteuer\u00adaufkommen wurden ebenso ber\u00fccksichtigt wie Kriterien der \u00f6kologischen, \u00f6konomischen und sozialen Nachhaltigkeit. Dazu z\u00e4hlen die Reduzierung der versiegelten Fl\u00e4che, die Einrichtung von Betriebskantinen, Umsetzung von Dachbegr\u00fcnungen, Aus\u00adbildungsangebote und betriebliche Weiterbildung oder die Darstellung des regionalen Engagements. Abgefragt wurde auch, inwieweit regionale Lieferanten von der Ansiedlung profi\u00adtieren und ob regionale Wertsch\u00f6pfung stattfindet. Die Unter\u00adnehmen wurden zu einem Bewerbungscoaching eingeladen, konnten Ihre Vorhaben vorstellen und erhielten Anregungen, die in die finale Bewerbung eingeflossen sind.<br><br>Im Ergebnis haben die Wirtschaftsf\u00f6rderungen gemeinsam mit der Eigent\u00fcmerin RWE Power Belegungsvorschl\u00e4ge erarbeitet, die von den politischen Gremien in Grevenbroich und J\u00fcchen best\u00e4tigt wurden. RWE Power wird als Eigent\u00fcmerin der Fl\u00e4chen mit den ausgew\u00e4hlten Unternehmen konkrete Verkaufsge\u00adspr\u00e4che aufnehmen, sobald der Abschluss des Bebauungsplan\u00adverfahrens absehbar ist.<br><br>Bis dahin werden den ausgew\u00e4hlten Unternehmen gemeinsame Gespr\u00e4chsrunden angeboten, um Synergiepotenziale bei der Planung des Industrieparks auszuloten. Wird eine zentrale W\u00e4rmeversorgung angestrebt oder setzt man auf individuelle L\u00f6sungen? Welchen Bedarf an technischer Infrastruktur haben die Unternehmen? Gepr\u00fcft werden soll auch, ob weitere Themen gemeinsam gedacht werden k\u00f6nnen, um Kosten und Ressour\u00adcen zu sparen: Ben\u00f6tigt beispielsweise jeder eine Kantine, einen<br><br>Betriebskindergarten, einen Shuttleservice vom Bahnhof oder k\u00f6nnen diese und weitere Themen gemeinsam organisiert werden?<br><br>Eine erste Abstimmungsrunde mit den ausgew\u00e4hlten Firmen, an der auch Versorgungsunternehmen f\u00fcr Strom, Wasser und Telekommunikation teilgenommen haben, hat in dieser Woche stattgefunden. Ziel der gemeinsamen Gespr\u00e4chsrunden ist es, bereits in einer fr\u00fchen Phase des Ansiedlungsprozesses betriebs\u00fcbergreifende L\u00f6sungen mit den neuen Nachbarn zu finden.<br><\/p>\n\n\n\n<p>Quelle: Gemeinsame Pressemitteilung der Wirtschaftsf\u00f6rderungen der St\u00e4dte Grevenbroich (GFWS) und J\u00fcchen sowie RWE<\/p>\n","protected":false},"excerpt":{"rendered":"<p>J\u00fcchen. Bei der Vermarktung der Fl\u00e4chen des geplanten interkommunalen Gewerbegebietes Industriepark Elsbachtal spielen nicht nur wirtschaftliche, sondern auch Nachhaltigkeits\u00adkriterien eine wichtige Rolle. Die Wirtschaftsf\u00f6rderungen der St\u00e4dte Grevenbroich (GFWS) und J\u00fcchen haben dazu gemein\u00adsam mit der Eigent\u00fcmerin RWE Power AG ein innovatives und zukunftsweisendes Verfahren auf den Weg gebracht. Damit soll sichergestellt werden, dass Nachhaltigkeitskriterien bereits [&hellip;]<\/p>\n","protected":false},"author":3,"featured_media":0,"comment_status":"closed","ping_status":"closed","sticky":false,"template":"","format":"standard","meta":{"_et_pb_use_builder":"","_et_pb_old_content":"","_et_gb_content_width":"","footnotes":""},"categories":[1],"tags":[],"class_list":["post-3997","post","type-post","status-publish","format-standard","hentry","category-allgemein"],"_links":{"self":[{"href":"https:\/\/standort-niederrhein.de\/en\/wp-json\/wp\/v2\/posts\/3997","targetHints":{"allow":["GET"]}}],"collection":[{"href":"https:\/\/standort-niederrhein.de\/en\/wp-json\/wp\/v2\/posts"}],"about":[{"href":"https:\/\/standort-niederrhein.de\/en\/wp-json\/wp\/v2\/types\/post"}],"author":[{"embeddable":true,"href":"https:\/\/standort-niederrhein.de\/en\/wp-json\/wp\/v2\/users\/3"}],"replies":[{"embeddable":true,"href":"https:\/\/standort-niederrhein.de\/en\/wp-json\/wp\/v2\/comments?post=3997"}],"version-history":[{"count":1,"href":"https:\/\/standort-niederrhein.de\/en\/wp-json\/wp\/v2\/posts\/3997\/revisions"}],"predecessor-version":[{"id":3998,"href":"https:\/\/standort-niederrhein.de\/en\/wp-json\/wp\/v2\/posts\/3997\/revisions\/3998"}],"wp:attachment":[{"href":"https:\/\/standort-niederrhein.de\/en\/wp-json\/wp\/v2\/media?parent=3997"}],"wp:term":[{"taxonomy":"category","embeddable":true,"href":"https:\/\/standort-niederrhein.de\/en\/wp-json\/wp\/v2\/categories?post=3997"},{"taxonomy":"post_tag","embeddable":true,"href":"https:\/\/standort-niederrhein.de\/en\/wp-json\/wp\/v2\/tags?post=3997"}],"curies":[{"name":"wp","href":"https:\/\/api.w.org\/{rel}","templated":true}]}}