{"id":3931,"date":"2024-04-19T06:00:00","date_gmt":"2024-04-19T04:00:00","guid":{"rendered":"https:\/\/dev.invest-in-niederrhein.de\/?p=3931"},"modified":"2024-04-19T13:12:00","modified_gmt":"2024-04-19T11:12:00","slug":"milchwirtschaft-der-zukunft-arla-innovationshof-eingeweiht","status":"publish","type":"post","link":"https:\/\/standort-niederrhein.de\/en\/2024\/04\/19\/milchwirtschaft-der-zukunft-arla-innovationshof-eingeweiht\/","title":{"rendered":"Milchwirtschaft der Zukunft: Arla Innovationshof eingeweiht"},"content":{"rendered":"\n<p><strong>Kamp-Lintfort.<\/strong> Im Beisein von NRW-Landwirtschaftsministerin Silke Gori\u00dfen fand heute in Kamp-Lintfort die Einweihung des ersten deutschen Innovationshofs der Molkereigenossenschaft Arla statt. Ziel des Innovationshofs ist es L\u00f6sungen und Technologien f\u00fcr mehr Klimaschutz, Artenvielfalt und Tierwohl gemeinsam mit Kooperationspartnern aus Wissenschaft und Wirtschaft in Projekten zu testen und bei Erfolg in der Breite der Arla-Betriebe einzusetzen. Zudem dient der Hof, ein bestehender Familienbetrieb von Landwirt Kevin Anhamm, zuk\u00fcnftig als Kommunikationsplattform f\u00fcr den Austausch mit verschiedenen Interessensgruppen. So m\u00f6chte die Molkereigenossenschaft einen engen Dialog mit Vertretern aus den Bereichen Landwirtschaft, Forschung, Wirtschaft, Handel und Politik sicherstellen, um gemeinsam die heimische Lebensmittelproduktion der Zukunft voranzubringen. Daf\u00fcr wurde eigens ein moderner Konferenzbereich f\u00fcr bis zu 20 Personen errichtet. In den ersten Projekten konzentriert sich Landwirt Kevin Anhamm auf Emissionsreduktion und Tiergesundheit. Das Konzept der Arla-Innovationsh\u00f6fe ist ein weiterer wichtiger Baustein in Arlas Nachhaltigkeitsstrategie, die unter anderem auf den Milchh\u00f6fen eine Reduktion der CO2e-Emissionen von 30 % pro kg Milch bis 2030 (Referenzjahr 2015) vorsieht. In Nordrhein-Westfalen sind rund 650 Milchh\u00f6fe Mitglieder bei der Arla Molkereigenossenschaft und damit auch Eigent\u00fcmer von Arla. Deutschlandsitz des Unternehmens ist D\u00fcsseldorf. Auf dem deutschen Markt geh\u00f6rt Arla zu den Top 5 in der Molkereibranche und ist mit bekannten Marken wie Arla Buko, Arla Skyr und Arla K\u00e6rg\u00e5rden im Handel vertreten.<\/p>\n\n\n\n<p>Quelle: <a href=\"https:\/\/www.kamp-lintfort.de\/de\/pressemitteilungen\/milchwirtschaft-der-zukunft-arla-innovationshof-eingeweiht-fuer-mehr-klimaschutz-und-tierwohl\/\">Stadt Kamp-Lintfort<\/a><\/p>\n\n\n<figure class=\"wp-block-post-featured-image\"><img loading=\"lazy\" decoding=\"async\" width=\"400\" height=\"533\" src=\"https:\/\/standort-niederrhein.de\/wp-content\/uploads\/2024\/04\/20240415_112718_hp.jpg\" class=\"attachment-post-thumbnail size-post-thumbnail wp-post-image\" alt=\"\" style=\"object-fit:cover;\" srcset=\"https:\/\/standort-niederrhein.de\/wp-content\/uploads\/2024\/04\/20240415_112718_hp.jpg 400w, https:\/\/standort-niederrhein.de\/wp-content\/uploads\/2024\/04\/20240415_112718_hp-225x300.jpg 225w\" sizes=\"(max-width: 400px) 100vw, 400px\" \/><\/figure>\n\n\n<p>Foto: Stadt Kamp-Lintfort<\/p>\n","protected":false},"excerpt":{"rendered":"<p>Kamp-Lintfort. Im Beisein von NRW-Landwirtschaftsministerin Silke Gori\u00dfen fand heute in Kamp-Lintfort die Einweihung des ersten deutschen Innovationshofs der Molkereigenossenschaft Arla statt. Ziel des Innovationshofs ist es L\u00f6sungen und Technologien f\u00fcr mehr Klimaschutz, Artenvielfalt und Tierwohl gemeinsam mit Kooperationspartnern aus Wissenschaft und Wirtschaft in Projekten zu testen und bei Erfolg in der Breite der Arla-Betriebe einzusetzen. [&hellip;]<\/p>\n","protected":false},"author":3,"featured_media":3932,"comment_status":"open","ping_status":"open","sticky":false,"template":"","format":"standard","meta":{"_et_pb_use_builder":"","_et_pb_old_content":"","_et_gb_content_width":"","footnotes":""},"categories":[1],"tags":[],"class_list":["post-3931","post","type-post","status-publish","format-standard","has-post-thumbnail","hentry","category-allgemein"],"_links":{"self":[{"href":"https:\/\/standort-niederrhein.de\/en\/wp-json\/wp\/v2\/posts\/3931","targetHints":{"allow":["GET"]}}],"collection":[{"href":"https:\/\/standort-niederrhein.de\/en\/wp-json\/wp\/v2\/posts"}],"about":[{"href":"https:\/\/standort-niederrhein.de\/en\/wp-json\/wp\/v2\/types\/post"}],"author":[{"embeddable":true,"href":"https:\/\/standort-niederrhein.de\/en\/wp-json\/wp\/v2\/users\/3"}],"replies":[{"embeddable":true,"href":"https:\/\/standort-niederrhein.de\/en\/wp-json\/wp\/v2\/comments?post=3931"}],"version-history":[{"count":2,"href":"https:\/\/standort-niederrhein.de\/en\/wp-json\/wp\/v2\/posts\/3931\/revisions"}],"predecessor-version":[{"id":3944,"href":"https:\/\/standort-niederrhein.de\/en\/wp-json\/wp\/v2\/posts\/3931\/revisions\/3944"}],"wp:featuredmedia":[{"embeddable":true,"href":"https:\/\/standort-niederrhein.de\/en\/wp-json\/wp\/v2\/media\/3932"}],"wp:attachment":[{"href":"https:\/\/standort-niederrhein.de\/en\/wp-json\/wp\/v2\/media?parent=3931"}],"wp:term":[{"taxonomy":"category","embeddable":true,"href":"https:\/\/standort-niederrhein.de\/en\/wp-json\/wp\/v2\/categories?post=3931"},{"taxonomy":"post_tag","embeddable":true,"href":"https:\/\/standort-niederrhein.de\/en\/wp-json\/wp\/v2\/tags?post=3931"}],"curies":[{"name":"wp","href":"https:\/\/api.w.org\/{rel}","templated":true}]}}