{"id":3923,"date":"2024-04-16T06:00:00","date_gmt":"2024-04-16T04:00:00","guid":{"rendered":"https:\/\/dev.invest-in-niederrhein.de\/?p=3923"},"modified":"2024-04-19T12:47:20","modified_gmt":"2024-04-19T10:47:20","slug":"foerderprojekte-gruendungsfabrik-und-skillzup-gestartet","status":"publish","type":"post","link":"https:\/\/standort-niederrhein.de\/en\/2024\/04\/16\/foerderprojekte-gruendungsfabrik-und-skillzup-gestartet\/","title":{"rendered":"F\u00f6rderprojekte Gr\u00fcndungsfabrik und skillzUP gestartet"},"content":{"rendered":"\n<p>Es ist angerichtet im Cityhaus an der M\u00fchlenstra\u00dfe: In der neuen \u201eGr\u00fcndungsfabrik M\u00f6nchengladbach\u201c bekommen Gr\u00fcndungswillige, Startups sowie Fach- und F\u00fchrungskr\u00e4fte aus dem Mittelstand Wissen, Netzwerk und Erfahrung an die Hand, bei \u201eskillzUP\u201c erhalten junge Talente ein Upgrade f\u00fcr ihre digitalen Fertigkeiten. Dank Strukturwandel-F\u00f6rderung von Bund und Land NRW kann die WFMG \u2013 Wirtschaftsf\u00f6rderung M\u00f6nchengladbach GmbH beide Angebote mit Partnern kostenfrei zur Verf\u00fcgung stellen.\u00a0<\/p>\n\n\n\n<p>An der M\u00fchlenstra\u00dfe 2-4 (2. OG) in Rheydt haben zwei neue Angebote ihre T\u00fcren ge\u00f6ffnet, die den Strukturwandel in der Stadt sp\u00fcrbar vorantreiben sollen. Zum einen ist das die \u201eGr\u00fcndungsfabrik M\u00f6nchengladbach\u201c (GFMG), die sich an Gr\u00fcndungsinteressierte, Gr\u00fcnderinnen und Gr\u00fcnder, innovative Startups sowie Fach- und F\u00fchrungskr\u00e4fte aus dem Mittelstand richtet. Die Ziele dahinter: Unternehmensgr\u00fcndungen in M\u00f6nchengladbach und Umgebung resilienter zu machen, die Zahl an Gesch\u00e4ftsaufgaben zu verringern und daf\u00fcr zu sorgen, dass insbesondere in wissensintensiven Branchen mittelfristig zukunftsf\u00e4hige Arbeitspl\u00e4tze aufgebaut und Innovationen in der Stadt gehalten werden. An eine andere Zielgruppe \u2013 Sch\u00fclerinnen und Sch\u00fcler, Auszubildende, Studierende und Berufseinsteiger aus M\u00f6nchengladbach und Umgebung \u2013 richtet sich das zweite neue Projekt, \u201eskillzUP\u201c. Hierbei geht es darum, das digitale Verst\u00e4ndnis und die digitalen Fertigkeiten dieser jungen Menschen zu st\u00e4rken, nicht zuletzt, um ihre Aussichten auf dem Jobmarkt der Zukunft zu verbessern.<\/p>\n\n\n\n<p>Hinter beiden Programmen steht ein gemeinsames F\u00f6rderprojekt, das die WFMG mit Partnern, allen voran der Digitalisierungs- und Gr\u00fcndungsinitiative nextMG e.V., erarbeitet und gemeinsam mit der Industrie- und Handelskammer (IHK) Mittlerer Niederrhein beantragt hatte. Das Bundeswirtschaftsministerium (zu 90 Prozent) und die NRW-Landesregierung (zu zehn Prozent) finanzieren die Angebote \u00fcber vier Jahre mit insgesamt knapp drei Millionen Euro. \u201eMit Gr\u00fcndungsfabrik und skillzUP wird der Strukturwandel im Rheinischen Revier hautnah erlebbar, in Form ganz konkreter Angebote vor Ort in Rheydt\u201c, sagte Oberb\u00fcrgermeister Felix Heinrichs beim gestrigen Presserundgang zur Er\u00f6ffnung. \u201eSchlie\u00dflich war es das erste gr\u00f6\u00dfere Strukturwandel-Projekt in M\u00f6nchengladbach, f\u00fcr das es einen F\u00f6rderbescheid gab.\u201c&nbsp;<\/p>\n\n\n\n<p>Dr. Ulrich Sch\u00fcckhaus, Vorsitzender der WFMG-Gesch\u00e4ftsf\u00fchrung, betonte, dass beide Teilbausteine inhaltlich aufeinander abgestimmt seien und \u201ezu einer st\u00e4rkeren Ausrichtung des Wirtschaftsstandorts auf Wachstumsbranchen und Berufsbilder der Wissenswirtschaft beitragen. Wir k\u00f6nnen damit den Strukturwandel positiv beeinflussen, indem wir Arbeitskr\u00e4fte fit f\u00fcr den Arbeitsmarkt der Zukunft machen.\u201c IHK-Hauptgesch\u00e4ftsf\u00fchrer J\u00fcrgen Steinmetz freut <\/p>\n\n\n\n<p>sich nicht zuletzt dar\u00fcber, dass die angedachte Verstetigung der Programme nach Ende der Projektlaufzeit auf dem Gel\u00e4nde des Wissens- und Innovationcampus vorgesehen ist. \u201eAuch daf\u00fcr ist die Strukturwandel-F\u00f6rderung ja mittlerweile angelaufen. Wir sind nun also in der gl\u00fccklichen Lage, an verschiedenen Standorten spannende Projekte validieren zu k\u00f6nnen, um sie sp\u00e4ter an zentraler Stelle zu einem schl\u00fcssigen Gesamtkonzept zusammenzuf\u00fcgen.\u201c Sebastian Leppert, Vorsitzender von nextMG, sagt: <a>\u201eDie urspr\u00fcnglich kleine, am K\u00fcchentisch geborene Idee wird nun von vielen getragen. Hier haben wir nun f\u00fcr Gr\u00fcndungsinteressierte und junge Menschen eine attraktive Heimat, wo sie Freude an Digitalit\u00e4t und den Mut zur Umsetzung starker Ideen leben k\u00f6nnen. Mittelbar ist es damit auch eine gro\u00dfe Chance f\u00fcr den Standort, in modernen Jobfeldern gro\u00dfe Attraktivit\u00e4t zu entfalten \u2013 aktuell hier in Rheydt und dann sp\u00e4ter im Wissenscampus.\u201c<\/a><\/p>\n\n\n\n<p><strong>Gr\u00fcndungsfabrik folgt drei Leitmotiven<\/strong><\/p>\n\n\n\n<p>Geboten werden bei der \u201eGFMG\u201c ein hochwertiges Workshop-Programm, 1:1-Sessions mit erfahrenen Coaches \u2013 ein Alleinstellungsmerkmal \u2013, Netzwerkevents sowie Keynotes und Vortr\u00e4ge. Also ein passgenauer Mix aus Wissen (Leitmotiv: Erfolgreiches Gr\u00fcnden ohne das n\u00f6tige Wissen ist purer Zufall), Netzwerk (Leitmotiv: Es wurde noch nie jemand erfolgreich, dessen Telefonbuch aus nur einer Nummer bestand) und Erfahrung (Leitmotiv: Fehler sind eine Chance, zu lernen und zu wachsen \u2013 auch ohne sie unbedingt selbst gemacht haben zu m\u00fcssen). \u201eWir bieten kein Programm von der Stange\u201c, erl\u00e4utert Projektleiterin Kim Katharina Reiners. Nat\u00fcrlich gebe es auch Kurse und Workshops zu klassischen Themen wie Steuern und Recht, mit dem sich alle Gr\u00fcndenden fr\u00fcher oder sp\u00e4ter auseinandersetzen m\u00fcssen. \u201eAber die Besonderheit der GFMG ist, dass wir speziell dank der 1:1-Sessions unserer Coaches individuell genau da ansetzen k\u00f6nnen, wo die Bedarfe oder Schmerzpunkte unserer ,Starter\u2018 liegen.\u201c Zudem r\u00fccken Zielgruppen, die im Gr\u00fcndungskontext oft hint\u00fcber fallen, in den Fokus. \u201eSo bieten wir ein Programm speziell f\u00fcr M\u00fctter an, die gr\u00fcnden wollen oder es bereits getan haben\u201c, so Reiners. Als weiterer Baustein wurde in Kooperation mit der Heinrich-Heine-Universit\u00e4t D\u00fcsseldorf (Lehrstuhl f\u00fcr Betriebswirtschaftslehre, insbesondere Management), ein Innova-tionsprogramm f\u00fcr den Mittelstand entwickelt. Geplant ist, \u00fcber diese KMU-Zukunftsschmiede ein Netzwerk junger Innovatoren aus den Unternehmen in der Stadt aufzubauen.<\/p>\n\n\n\n<p><strong>skillzUP steht f\u00fcr ein Upgrade f\u00fcr digitale Fertigkeiten<\/strong><\/p>\n\n\n\n<p>\u00a0\u201eDer Name beim Teilprojekt skillzUP ist Programm, denn es geht um ein Upgrade digitaler Skills bei jungen Talenten, die sich damit f\u00fcr die Arbeitswelt von morgen r\u00fcsten k\u00f6nnen \u2013 und solchen, die es noch werden wollen\u201c, sagt Projektleiterin Anastasia Rylnikov. Coding, Content Creation, Produktdesign, Web- und App-Entwicklung oder der Einsatz von Chatbots und KI-Tools sind nur einige der Themen, die im Kursprogramm aufgegriffen werden. Wie erkennt man Fake News oder manipulierte Bilder im Internet? Welche digitalen Pr\u00e4sentationstechniken gibt es? Wie kann man k\u00fcnstliche Intelligenz zur Verfeinerung von Bewerbungsunterlagen verwenden? \u201eAn wichtigen und brandaktuellen Themen mangelt es uns nicht\u201c, sagt Rylnikov. In diesem Zusammenhang weist sie jedoch auch auf das Kursangebot \u201eDigi Basics\u201c hin \u2013 dabei geht es auch schon einmal um die grundlegende Nutzung von Office-Programmen oder im Zweifelsfall darum, \u201ewie man eine Maus anstelle des gewohnten Touchpads bedient\u201c. Denn viele dieser vermeintlichen Skills bringen manche Jugendliche heute de facto gar nicht mit. Zukunftsorientiert, praxisbezogen und relevant \u2013 das sind daher die drei wichtigsten Kriterien bei skillzUP. Dabei wird mit anderen Akteuren in der Stadt, die eine \u00e4hnliche Zielgruppe bespielen, an einem Strang gezogen \u2013 beispielsweise erg\u00e4nzen sich die Angebote mit denen der JuniorUni.<\/p>\n\n\n\n<p>Quelle: <a href=\"http:\/\/www.wfmg.de\">WFMG<\/a><\/p>\n\n\n<figure class=\"wp-block-post-featured-image\"><img loading=\"lazy\" decoding=\"async\" width=\"2560\" height=\"1707\" src=\"https:\/\/standort-niederrhein.de\/wp-content\/uploads\/2024\/04\/PMWFMG-2024-04-11-Projekt-Gruendungsfabrik-scaled.jpg\" class=\"attachment-post-thumbnail size-post-thumbnail wp-post-image\" alt=\"\" style=\"object-fit:cover;\" srcset=\"https:\/\/standort-niederrhein.de\/wp-content\/uploads\/2024\/04\/PMWFMG-2024-04-11-Projekt-Gruendungsfabrik-scaled.jpg 2560w, https:\/\/standort-niederrhein.de\/wp-content\/uploads\/2024\/04\/PMWFMG-2024-04-11-Projekt-Gruendungsfabrik-1280x854.jpg 1280w, https:\/\/standort-niederrhein.de\/wp-content\/uploads\/2024\/04\/PMWFMG-2024-04-11-Projekt-Gruendungsfabrik-980x653.jpg 980w, https:\/\/standort-niederrhein.de\/wp-content\/uploads\/2024\/04\/PMWFMG-2024-04-11-Projekt-Gruendungsfabrik-480x320.jpg 480w\" sizes=\"(min-width: 0px) and (max-width: 480px) 480px, (min-width: 481px) and (max-width: 980px) 980px, (min-width: 981px) and (max-width: 1280px) 1280px, (min-width: 1281px) 2560px, 100vw\" \/><\/figure>\n\n\n<p>Dr. Ulrich Sch\u00fcckhaus (Vorsitzender der WFMG-Gesch\u00e4ftsf\u00fchrung), Oberb\u00fcrgermeister Felix Heinrichs, Susanne Feldges (stellvertretende Vorsitzende nextMG e.V., zust\u00e4ndig f\u00fcr Digitale Bildung), J\u00fcrgen Steinmetz (IHK-Hauptgesch\u00e4ftsf\u00fchrer),\u00a0 Sebastian Leppert (Vorsitzender nextMG e.V.), Moritz Demandt (Projektmitarbeiter), Friedhelm Lange (Gesch\u00e4ftsf\u00fchrer WFMG), Kim Katharina Reiners (Projektleiterin Gr\u00fcndungsfabrik), Tim Vennen (Community Manager Gr\u00fcndungsfabrik), Anastasia Rylnikov (Projektleiterin skillzUP) und Katja Schweitzer (Projektassistentin) in den Projektr\u00e4umlichkeiten (v.l.). | Foto: Andreas Baum f\u00fcr WFMG<\/p>\n","protected":false},"excerpt":{"rendered":"<p>Es ist angerichtet im Cityhaus an der M\u00fchlenstra\u00dfe: In der neuen \u201eGr\u00fcndungsfabrik M\u00f6nchengladbach\u201c bekommen Gr\u00fcndungswillige, Startups sowie Fach- und F\u00fchrungskr\u00e4fte aus dem Mittelstand Wissen, Netzwerk und Erfahrung an die Hand, bei \u201eskillzUP\u201c erhalten junge Talente ein Upgrade f\u00fcr ihre digitalen Fertigkeiten. Dank Strukturwandel-F\u00f6rderung von Bund und Land NRW kann die WFMG \u2013 Wirtschaftsf\u00f6rderung M\u00f6nchengladbach GmbH [&hellip;]<\/p>\n","protected":false},"author":3,"featured_media":3924,"comment_status":"open","ping_status":"open","sticky":false,"template":"","format":"standard","meta":{"_et_pb_use_builder":"","_et_pb_old_content":"","_et_gb_content_width":"","footnotes":""},"categories":[1],"tags":[],"class_list":["post-3923","post","type-post","status-publish","format-standard","has-post-thumbnail","hentry","category-allgemein"],"_links":{"self":[{"href":"https:\/\/standort-niederrhein.de\/en\/wp-json\/wp\/v2\/posts\/3923","targetHints":{"allow":["GET"]}}],"collection":[{"href":"https:\/\/standort-niederrhein.de\/en\/wp-json\/wp\/v2\/posts"}],"about":[{"href":"https:\/\/standort-niederrhein.de\/en\/wp-json\/wp\/v2\/types\/post"}],"author":[{"embeddable":true,"href":"https:\/\/standort-niederrhein.de\/en\/wp-json\/wp\/v2\/users\/3"}],"replies":[{"embeddable":true,"href":"https:\/\/standort-niederrhein.de\/en\/wp-json\/wp\/v2\/comments?post=3923"}],"version-history":[{"count":1,"href":"https:\/\/standort-niederrhein.de\/en\/wp-json\/wp\/v2\/posts\/3923\/revisions"}],"predecessor-version":[{"id":3925,"href":"https:\/\/standort-niederrhein.de\/en\/wp-json\/wp\/v2\/posts\/3923\/revisions\/3925"}],"wp:featuredmedia":[{"embeddable":true,"href":"https:\/\/standort-niederrhein.de\/en\/wp-json\/wp\/v2\/media\/3924"}],"wp:attachment":[{"href":"https:\/\/standort-niederrhein.de\/en\/wp-json\/wp\/v2\/media?parent=3923"}],"wp:term":[{"taxonomy":"category","embeddable":true,"href":"https:\/\/standort-niederrhein.de\/en\/wp-json\/wp\/v2\/categories?post=3923"},{"taxonomy":"post_tag","embeddable":true,"href":"https:\/\/standort-niederrhein.de\/en\/wp-json\/wp\/v2\/tags?post=3923"}],"curies":[{"name":"wp","href":"https:\/\/api.w.org\/{rel}","templated":true}]}}