{"id":3918,"date":"2024-04-15T06:00:00","date_gmt":"2024-04-15T04:00:00","guid":{"rendered":"https:\/\/dev.invest-in-niederrhein.de\/?p=3918"},"modified":"2024-04-19T12:41:31","modified_gmt":"2024-04-19T10:41:31","slug":"zentrumsnah-nachhaltig-und-bezahlbar","status":"publish","type":"post","link":"https:\/\/standort-niederrhein.de\/en\/2024\/04\/15\/zentrumsnah-nachhaltig-und-bezahlbar\/","title":{"rendered":"Zentrumsnah, nachhaltig und \u2013 bezahlbar"},"content":{"rendered":"\n<p><strong>Willich.<\/strong> Jetzt geht&#8217;s los: Zum ebenso symboltr\u00e4chtigen wie baufortschrittlich nat\u00fcrlich weitestgehend sinnfreien &#8220;<em>ersten<\/em>&#8221; Spatenstich trafen sich jetzt B\u00fcrgermeister Christian Pakusch, Dipl.-\u00d6konom Delf Schumann, Architekt Ralph Baumg\u00e4rtel und Dipl.-Bauingenieur Christoph Siebrecht von der \u201ewerk I N GmbH\u201c mit Vertretern der Presse an der Stra\u00dfe Diepenbroich in Schiefbahn. Dort entstehen drei Mehrfamilienh\u00e4user mit 30 durch das Land NRW und die Stadt Willich \u00f6ffentlich gef\u00f6rderte Wohnungen in Holzbauweise mit Net-Zero-Standard. Der erste Block wird im Sommer kommenden Jahres fertig \u2013 und dass es bald richtig losgeht, sieht man wenige Meter hinter den symbolisch in einem Sandhaufen steckenden Spaten: Hier haben Bagger und Co. schon Fakten geschaffen und Kan\u00e4le verlegt. Es tut sich was.\u00a0<\/p>\n\n\n\n<p>Drei \u201earchitektonisch ansprechende Mehrfamilienh\u00e4user\u201c mit insgesamt 30 \u00f6ffentlich gef\u00f6rderten 2- und 3-Zimmerwohnungen mit rund 1.800 Quadratmetern Wohnfl\u00e4che werden entstehen, so der D\u00fcsseldorfer Architekt Ralph Baumg\u00e4rtel, der f\u00fcr die beiden Investoren und geistigen V\u00e4ter des Projekts, eben Dipl.-\u00d6konom Delf Schumann und Dipl.-Bauingenieur Christoph Siebrecht, das Ganze geplant hat.\u00a0<\/p>\n\n\n\n<h4 class=\"wp-block-heading\">Baul\u00fcckenschlie\u00dfung<\/h4>\n\n\n\n<p>Dass B\u00fcrgermeister Christian Pakusch Startschuss und Spatenschwingen durchgehend gutgelaunt begleitete, hat gleich mehrere Gr\u00fcnde: Zum einen wird hier wirklich bezahlbarer Wohnraum geschaffen, au\u00dferdem wird ein bestehendes Wohngebiet zentrumsnah arrondiert \u2013 Stichwort Baul\u00fcckenschlie\u00dfung. Es werden keine Parkpl\u00e4tze \u201e<em>vernichtet<\/em>\u201c, es kommen entsprechende Pl\u00e4tze in der integrierten Zufahrstra\u00dfe hinzu. Weiter wird \u00f6kologisch sinnvoll gebaut, und die Nachbarn sind von vornherein von Schumann und Siebrecht per Infos eingebunden worden, was \u00fcber die Bauphase perpetuiert werden soll.\u00a0<\/p>\n\n\n\n<h4 class=\"wp-block-heading\">Lob f\u00fcr Verwaltung<\/h4>\n\n\n\n<p>Was Pakusch aber besonders freut, ist das dezidierte Lob der drei Akteure f\u00fcr die unkomplizierte und gar angenehme Zusammenarbeit mit der Stadt Willich, die Architekt Baumg\u00e4rtel zusammenfasst. Er baue j\u00e4hrlich bundesweit 50 bis 60 H\u00e4user \u2013 in der Stadt Willich sei das Genehmigungsverfahren reibungslos wie sonst nirgends gelaufen: \u201eDie Mitarbeiter waren genau und korrekt, aber sehr hilfsbereit und haben uns das Leben so wirklich leicht gemacht.\u201c\u00a0<\/p>\n\n\n\n<p>Alle Wohnungen verf\u00fcgen \u00fcber einen Balkon oder eine Terrasse, gro\u00dfe Fensterfl\u00e4chen und sind barrierefrei. Die Geb\u00e4ude werden in Holzbauweise aus vorgefertigten Elementen auf einem massiven Kellergeschoss erstellt: ab Bodenplatte aufw\u00e4rts kein Beton, aber \u201eso haltbar und sicher wie Beton.\u201c Die W\u00e4nde werden fertig mit allen Kabeln und Rohren vorgebaut und vor Ort nur gesetzt und verschraubt &#8211; der Rohbau w\u00e4chst schnell.\u00a0<\/p>\n\n\n\n<p>Quelle: <a href=\"https:\/\/www.stadt-willich.de\/service\/aktuelle-meldungen\/zentrumsnah-nachhaltig-und-bezahlbar\">Stadt Willich<\/a><\/p>\n\n\n<figure class=\"wp-block-post-featured-image\"><img loading=\"lazy\" decoding=\"async\" width=\"1090\" height=\"931\" src=\"https:\/\/standort-niederrhein.de\/wp-content\/uploads\/2024\/04\/Spatenstich-Diepenbroich-2024-04-09-3.JPG.webp\" class=\"attachment-post-thumbnail size-post-thumbnail wp-post-image\" alt=\"\" style=\"object-fit:cover;\" srcset=\"https:\/\/standort-niederrhein.de\/wp-content\/uploads\/2024\/04\/Spatenstich-Diepenbroich-2024-04-09-3.JPG.webp 1090w, https:\/\/standort-niederrhein.de\/wp-content\/uploads\/2024\/04\/Spatenstich-Diepenbroich-2024-04-09-3.JPG-980x837.webp 980w, https:\/\/standort-niederrhein.de\/wp-content\/uploads\/2024\/04\/Spatenstich-Diepenbroich-2024-04-09-3.JPG-480x410.webp 480w\" sizes=\"(min-width: 0px) and (max-width: 480px) 480px, (min-width: 481px) and (max-width: 980px) 980px, (min-width: 981px) 1090px, 100vw\" \/><\/figure>\n\n\n<p>Foto: Pressestelle Stadt Willich<\/p>\n\n\n\n<p><\/p>\n\n\n\n<p><\/p>\n","protected":false},"excerpt":{"rendered":"<p>Willich. Jetzt geht&#8217;s los: Zum ebenso symboltr\u00e4chtigen wie baufortschrittlich nat\u00fcrlich weitestgehend sinnfreien &#8220;ersten&#8221; Spatenstich trafen sich jetzt B\u00fcrgermeister Christian Pakusch, Dipl.-\u00d6konom Delf Schumann, Architekt Ralph Baumg\u00e4rtel und Dipl.-Bauingenieur Christoph Siebrecht von der \u201ewerk I N GmbH\u201c mit Vertretern der Presse an der Stra\u00dfe Diepenbroich in Schiefbahn. Dort entstehen drei Mehrfamilienh\u00e4user mit 30 durch das Land [&hellip;]<\/p>\n","protected":false},"author":3,"featured_media":3921,"comment_status":"open","ping_status":"open","sticky":false,"template":"","format":"standard","meta":{"_et_pb_use_builder":"","_et_pb_old_content":"","_et_gb_content_width":"","footnotes":""},"categories":[1],"tags":[],"class_list":["post-3918","post","type-post","status-publish","format-standard","has-post-thumbnail","hentry","category-allgemein"],"_links":{"self":[{"href":"https:\/\/standort-niederrhein.de\/en\/wp-json\/wp\/v2\/posts\/3918","targetHints":{"allow":["GET"]}}],"collection":[{"href":"https:\/\/standort-niederrhein.de\/en\/wp-json\/wp\/v2\/posts"}],"about":[{"href":"https:\/\/standort-niederrhein.de\/en\/wp-json\/wp\/v2\/types\/post"}],"author":[{"embeddable":true,"href":"https:\/\/standort-niederrhein.de\/en\/wp-json\/wp\/v2\/users\/3"}],"replies":[{"embeddable":true,"href":"https:\/\/standort-niederrhein.de\/en\/wp-json\/wp\/v2\/comments?post=3918"}],"version-history":[{"count":2,"href":"https:\/\/standort-niederrhein.de\/en\/wp-json\/wp\/v2\/posts\/3918\/revisions"}],"predecessor-version":[{"id":3922,"href":"https:\/\/standort-niederrhein.de\/en\/wp-json\/wp\/v2\/posts\/3918\/revisions\/3922"}],"wp:featuredmedia":[{"embeddable":true,"href":"https:\/\/standort-niederrhein.de\/en\/wp-json\/wp\/v2\/media\/3921"}],"wp:attachment":[{"href":"https:\/\/standort-niederrhein.de\/en\/wp-json\/wp\/v2\/media?parent=3918"}],"wp:term":[{"taxonomy":"category","embeddable":true,"href":"https:\/\/standort-niederrhein.de\/en\/wp-json\/wp\/v2\/categories?post=3918"},{"taxonomy":"post_tag","embeddable":true,"href":"https:\/\/standort-niederrhein.de\/en\/wp-json\/wp\/v2\/tags?post=3918"}],"curies":[{"name":"wp","href":"https:\/\/api.w.org\/{rel}","templated":true}]}}