{"id":3906,"date":"2024-04-11T06:00:00","date_gmt":"2024-04-11T04:00:00","guid":{"rendered":"https:\/\/dev.invest-in-niederrhein.de\/?p=3906"},"modified":"2024-04-19T12:29:00","modified_gmt":"2024-04-19T10:29:00","slug":"kreis-und-region-noord-limburg-wollen-kuenftig-enger-zusammenarbeiten","status":"publish","type":"post","link":"https:\/\/standort-niederrhein.de\/en\/2024\/04\/11\/kreis-und-region-noord-limburg-wollen-kuenftig-enger-zusammenarbeiten\/","title":{"rendered":"Kreis und Region Noord-Limburg wollen k\u00fcnftig enger zusammenarbeiten"},"content":{"rendered":"\n<p><strong>Rhein-Kreis Neuss. <\/strong>Der Rhein-Kreis Neuss und die niederl\u00e4ndische Region Noord-Limburg wollen k\u00fcnftig enger zusammenarbeiten. Das vereinbarten Landrat Hans-J\u00fcrgen Petrauschke und seine Europa-Beauftragte Ruth Harte bei einer Begegnung im Kreishaus Neuss. Ihre Gespr\u00e4chspartner waren Antoin Scholten, B\u00fcrgermeister von Venlo und stellvertretender Pr\u00e4sident der Euregio Rhein-Maas-Nord, Region-Noord-Limburg-Direktor Ren\u00e9 van Loon und Michiel Savelsbergh, bei der Euregio zust\u00e4ndig f\u00fcr die \u00d6ffentlichkeitsarbeit.<\/p>\n\n\n\n<p>\u201eDie Herausforderungen unserer Zeit wie der Strukturwandel machen vor nationalen Grenzen keinen Halt. Deshalb ist das deutsch-niederl\u00e4ndische Verh\u00e4ltnis so wichtig, und deshalb werden wir es weiter st\u00e4rken\u201c, so Petrauschke. Gemeinsam k\u00f6nnten etwa Themen wie Energie und Gesundheit aufgegriffen werden. Aber auch ein Erfahrungsaustausch in Sachen Landwirtschaft und eine eventuelle Kooperation im Rahmen des geplanten Lebensmittel-Launch-Centers seien Ziele, die es gemeinsam zu verfolgen gelte.<\/p>\n\n\n\n<p>Der Rhein-Kreis Neuss ist seit fast 40 Jahren aktives Mitglied der Euregio Rhein-Maas-Nord, einem grenz\u00fcberschreitenden Verbund von St\u00e4dten und Gemeinden sowie Industrie- und Handelskammern. Landrat Petrauschke stellte ihn als wirtschaftsst\u00e4rksten Kreis in Nordrhein-Westfalen vor, der 2025 mit seinen rund 460 000 Einwohnern in acht Kommunen das 50-j\u00e4hrige Bestehen feiere. Der Strukturwandel nach dem Braukohleabbau im Rheinischen Revier werde proaktiv angegangen und durch F\u00f6rdermittel von EU, Bund und Land unterst\u00fctzt. So solle etwa auf dem ehemaligen Gel\u00e4nde des Kraftwerks Frimmersdorf die landeseigene IT erdbebensicher untergebracht werden.<\/p>\n\n\n\n<p>Die niederl\u00e4ndischen G\u00e4ste stellten die Region Noord-Limburg vor, deren Mittelpunkt Venlo mit seinen 100 000 Einwohnern ist. Die Zusammenarbeit der Gemeinden dort hat sich durch die Gartenschau \u201eFloriade 2012\u201c entwickelt. Eine 2018 aktualisierte Vision konzentriert sich auf die Bereiche Agrofood, Logistik, verarbeitendes Gewerbe, Tourismus und Pflege.<\/p>\n\n\n\n<p>Viele Projekte werden gemeinsam von Unternehmen, Beh\u00f6rden und wissenschaftlichen Institutionen entworfen und durchgef\u00fchrt. Auf dem \u201eFloriade\u201c-Gel\u00e4nde ist zum Beispiel die Universit\u00e4t Maastricht mit Laboratorien f\u00fcr neue Ern\u00e4hrungsprodukte und einem Masterstudiengang f\u00fcr haus\u00e4rztliche Versorgung und B\u00fcrgerbeteiligung vertreten. Weitere wichtige Themen sind die F\u00f6rderung erneuerbarer Energien, die Verbesserung der Rahmenbedingungen f\u00fcr Landwirte und der Ausbau des \u00f6ffentlichen Personennahverkehrs.<\/p>\n\n\n\n<p>Quelle: <a href=\"http:\/\/www.rhein-kreis-neuss.de\" target=\"_blank\" rel=\"noreferrer noopener\">Rhein-Kreis Neuss<\/a><\/p>\n\n\n<figure class=\"wp-block-post-featured-image\"><img loading=\"lazy\" decoding=\"async\" width=\"2560\" height=\"1703\" src=\"https:\/\/standort-niederrhein.de\/wp-content\/uploads\/2024\/04\/RKN-LR-trifft-Region-Limburg-1853-scaled.jpg\" class=\"attachment-post-thumbnail size-post-thumbnail wp-post-image\" alt=\"\" style=\"object-fit:cover;\" srcset=\"https:\/\/standort-niederrhein.de\/wp-content\/uploads\/2024\/04\/RKN-LR-trifft-Region-Limburg-1853-scaled.jpg 2560w, https:\/\/standort-niederrhein.de\/wp-content\/uploads\/2024\/04\/RKN-LR-trifft-Region-Limburg-1853-1280x852.jpg 1280w, https:\/\/standort-niederrhein.de\/wp-content\/uploads\/2024\/04\/RKN-LR-trifft-Region-Limburg-1853-980x652.jpg 980w, https:\/\/standort-niederrhein.de\/wp-content\/uploads\/2024\/04\/RKN-LR-trifft-Region-Limburg-1853-480x319.jpg 480w\" sizes=\"(min-width: 0px) and (max-width: 480px) 480px, (min-width: 481px) and (max-width: 980px) 980px, (min-width: 981px) and (max-width: 1280px) 1280px, (min-width: 1281px) 2560px, 100vw\" \/><\/figure>\n\n\n<p>Deutsch-niederl\u00e4ndische Begegnung im Kreishaus Neuss (von links): Michiel Savelsbergh, Antoin Scholten, Ruth Harte, Landrat Hans-J\u00fcrgen Petrauschke und Ren\u00e9 van Loon. | Foto: W. Walter\/ Rhein-Kreis Neuss<\/p>\n","protected":false},"excerpt":{"rendered":"<p>Rhein-Kreis Neuss. Der Rhein-Kreis Neuss und die niederl\u00e4ndische Region Noord-Limburg wollen k\u00fcnftig enger zusammenarbeiten. Das vereinbarten Landrat Hans-J\u00fcrgen Petrauschke und seine Europa-Beauftragte Ruth Harte bei einer Begegnung im Kreishaus Neuss. Ihre Gespr\u00e4chspartner waren Antoin Scholten, B\u00fcrgermeister von Venlo und stellvertretender Pr\u00e4sident der Euregio Rhein-Maas-Nord, Region-Noord-Limburg-Direktor Ren\u00e9 van Loon und Michiel Savelsbergh, bei der Euregio zust\u00e4ndig [&hellip;]<\/p>\n","protected":false},"author":3,"featured_media":3907,"comment_status":"open","ping_status":"open","sticky":false,"template":"","format":"standard","meta":{"_et_pb_use_builder":"","_et_pb_old_content":"","_et_gb_content_width":"","footnotes":""},"categories":[1],"tags":[],"class_list":["post-3906","post","type-post","status-publish","format-standard","has-post-thumbnail","hentry","category-allgemein"],"_links":{"self":[{"href":"https:\/\/standort-niederrhein.de\/en\/wp-json\/wp\/v2\/posts\/3906","targetHints":{"allow":["GET"]}}],"collection":[{"href":"https:\/\/standort-niederrhein.de\/en\/wp-json\/wp\/v2\/posts"}],"about":[{"href":"https:\/\/standort-niederrhein.de\/en\/wp-json\/wp\/v2\/types\/post"}],"author":[{"embeddable":true,"href":"https:\/\/standort-niederrhein.de\/en\/wp-json\/wp\/v2\/users\/3"}],"replies":[{"embeddable":true,"href":"https:\/\/standort-niederrhein.de\/en\/wp-json\/wp\/v2\/comments?post=3906"}],"version-history":[{"count":1,"href":"https:\/\/standort-niederrhein.de\/en\/wp-json\/wp\/v2\/posts\/3906\/revisions"}],"predecessor-version":[{"id":3908,"href":"https:\/\/standort-niederrhein.de\/en\/wp-json\/wp\/v2\/posts\/3906\/revisions\/3908"}],"wp:featuredmedia":[{"embeddable":true,"href":"https:\/\/standort-niederrhein.de\/en\/wp-json\/wp\/v2\/media\/3907"}],"wp:attachment":[{"href":"https:\/\/standort-niederrhein.de\/en\/wp-json\/wp\/v2\/media?parent=3906"}],"wp:term":[{"taxonomy":"category","embeddable":true,"href":"https:\/\/standort-niederrhein.de\/en\/wp-json\/wp\/v2\/categories?post=3906"},{"taxonomy":"post_tag","embeddable":true,"href":"https:\/\/standort-niederrhein.de\/en\/wp-json\/wp\/v2\/tags?post=3906"}],"curies":[{"name":"wp","href":"https:\/\/api.w.org\/{rel}","templated":true}]}}