{"id":3903,"date":"2024-04-10T06:00:00","date_gmt":"2024-04-10T04:00:00","guid":{"rendered":"https:\/\/dev.invest-in-niederrhein.de\/?p=3903"},"modified":"2024-04-19T12:27:22","modified_gmt":"2024-04-19T10:27:22","slug":"so-wichtig-ist-nachhaltigkeit-fuer-unternehmen-und-banken","status":"publish","type":"post","link":"https:\/\/standort-niederrhein.de\/en\/2024\/04\/10\/so-wichtig-ist-nachhaltigkeit-fuer-unternehmen-und-banken\/","title":{"rendered":"So wichtig ist Nachhaltigkeit f\u00fcr Unternehmen und Banken"},"content":{"rendered":"\n<p><strong>Kreis Kleve\/ Geldern.&nbsp;<\/strong>Viele neue Entwicklungen kommen und gehen auch wieder. Bei \u201eESG\u201c und der Berichtspflicht f\u00fcr Unternehmen wird es nicht so sein, denn \u201eEnvironmental, Social and Governance\u201c wird zu einem zentralen Baustein unternehmerischen Handelns. Waren bislang vor allem betriebswirtschaftliche Kennzahlen f\u00fcr das Rating ma\u00dfgebend, so r\u00fccken zuk\u00fcnftig Aspekte aus den Bereichen Umwelt, Soziales und Unternehmensf\u00fchrung in den Fokus des nachhaltigen unternehmerischen Handelns. Kunden, Banken und Gesch\u00e4ftspartner verlangen zunehmend Auskunft dar\u00fcber, ob und wie Firmen beim Thema Nachhaltigkeit aufgestellt sind. Um Firmenvertreter aus der Region dar\u00fcber zu informieren, was es bei der Berichtspflicht im Bereich Nachhaltigkeit zu beachten gibt und wie diese umgesetzt werden kann, hatte die Wirtschaftsf\u00f6rderung Kreis Kleve in die Tagungsst\u00e4tte Hotel See Park Janssen in Geldern eingeladen.<\/p>\n\n\n\n<p>In ihrer Begr\u00fc\u00dfungsansprache dankte Brigitte Jansen, Gesch\u00e4ftsf\u00fchrerin der Wirtschaftsf\u00f6rderung Kreis Kleve, den Sparkassen und Volksbanken im Kreis Kleve, die diese Veranstaltung durch ihre Unterst\u00fctzung erm\u00f6glichen. Den Banken und Sparkassen kommen beim Thema ESG eine gro\u00dfe Bedeutung zu, denn sie m\u00fcssen zum einen das ESG-Reporting bereits jetzt umsetzen, zum anderen werden die Nachhaltigkeitskriterien auch f\u00fcr die Kreditvergabe eine immer gr\u00f6\u00dfere Rolle spielen. Einblicke in die aktuellen Bewertungskriterien f\u00fcr eine nachhaltige Finanzierung gaben die beiden Finanzexperten Robert Gorthmanns (Volksbank an der Niers) und Matthias Stackebrandt (Sparkasse Krefeld). Ein sogenanntes \u201eESG-Risiko-Scoring\u201c dient der Klassifizierung von Nachhaltigkeitsrisiken im Kundenkreditgesch\u00e4ft und ber\u00fccksichtigt die verschiedenen ESG-Kriterien bei der Bewertung. \u201eZurzeit hat aber eine Einordung in den Risiko-Score noch keine Auswirkungen auf die Konditionen f\u00fcr Kredite\u201c, f\u00fchrte Gorthmanns aus und wurde darin von Stackebrandt best\u00e4tigt. Es sei noch vieles im Fluss im Bereich des ESG-Ratings, so die beiden Finanzexperten. Und an die Unternehmerschaft gerichtet: \u201eBleiben Sie mit Ihrem Kreditinstitut in engem Austausch. Die Sparkassen und Volksbanken im Kreis Kleve stehen Ihnen immer unterst\u00fctzend und beratend bei Thema ESG zur Seite\u201c.<\/p>\n\n\n\n<p>Mit seinem Vortrag zum Thema \u201eDas EFA-Tool Bewertungsmatrix Nachhaltige Verpackungen\u201c zeigte Henning H. Sittel von der Effizienz-Agentur NRW auf, wie vielschichtig und zuweilen komplex die Bewertung von Nachhaltigkeit sein kann. \u201eIn fast jedem Unternehmen der Lebensmittelbranche oder des produzierenden Gewerbes kommt den Verpackungen hinsichtlich Wirtschaftlich- und Nachhaltigkeit eine besondere Bedeutung zu. Und das Thema wird zunehmend noch an Bedeutung gewinnen\u201c, erl\u00e4uterte Sittel.<\/p>\n\n\n\n<p>Wie lassen sich die ESG-Kriterien in der Praxis anwenden? Hiervon berichteten Dr. Svea Pacyna-Sch\u00fcrheck, Gesch\u00e4ftsf\u00fchrerin der Landgard Obst &amp; Gem\u00fcse GmbH &amp; Co. KG in Straelen, und Doreen Fischer, Nachhaltigkeitsmanagerin bei der WALTHER Faltsysteme GmbH in Kevelaer, den G\u00e4sten. F\u00fcr Landgard, so Dr. Pacyna-Sch\u00fcrheck, gelte der Dreiklang: erfassen, reduzieren, kompensieren. So erfasse das Unternehmen zun\u00e4chst die CO2-Emissionen auf Produkt- und Unternehmensebene, mit dem Ziel, k\u00fcnftige Emissionen zu vermeiden und f\u00fcr nicht vermeidbare St\u00f6rfaktoren, die in die Umwelt gelangen, &nbsp;klimafreundliche Alternativen zu ersetzen zu finden, bzw. Kompensationsma\u00dfnahmen zu ergreifen. Doreen Fischer f\u00fchrte aus, dass die WALTHER Faltsysteme GmbH unter anderem auf ein qualifiziertes Energiemanagementsystem setze. In der Produktion w\u00fcrden hochmoderne Maschinen und Werkzeuge, die besonders energieeffizient seien, eingesetzt. \u201eUmweltschutz beginnt bei uns schon beim Produktionsdesign\u201c, betonte Fischer. So lege man unter anderem Wert darauf, dass Produkte reparaturf\u00e4hig und recycelbar sind. Nachhaltigkeit werde unter anderem auch durch den Einsatz von Elektro-Mobilit\u00e4t und den Bezug von Gr\u00fcnstrom zu 100 Prozent erreicht.<\/p>\n\n\n\n<p>Abschlie\u00dfend hatten die G\u00e4ste noch die Gelegenheit, ihre Individuellen Fragen zum Thema ESG-Reporting an die Experten zu stellen.<\/p>\n\n\n\n<p>Quelle: <a href=\"http:\/\/www.wfg-kreis-kleve.de\" target=\"_blank\" rel=\"noreferrer noopener\">WFG Kreis Kleve<\/a><\/p>\n\n\n<figure class=\"wp-block-post-featured-image\"><img loading=\"lazy\" decoding=\"async\" width=\"1400\" height=\"900\" src=\"https:\/\/standort-niederrhein.de\/wp-content\/uploads\/2024\/04\/2.-ESG-Veranstaltung-Nachbericht.jpg\" class=\"attachment-post-thumbnail size-post-thumbnail wp-post-image\" alt=\"\" style=\"object-fit:cover;\" srcset=\"https:\/\/standort-niederrhein.de\/wp-content\/uploads\/2024\/04\/2.-ESG-Veranstaltung-Nachbericht.jpg 1400w, https:\/\/standort-niederrhein.de\/wp-content\/uploads\/2024\/04\/2.-ESG-Veranstaltung-Nachbericht-1280x823.jpg 1280w, https:\/\/standort-niederrhein.de\/wp-content\/uploads\/2024\/04\/2.-ESG-Veranstaltung-Nachbericht-980x630.jpg 980w, https:\/\/standort-niederrhein.de\/wp-content\/uploads\/2024\/04\/2.-ESG-Veranstaltung-Nachbericht-480x309.jpg 480w\" sizes=\"(min-width: 0px) and (max-width: 480px) 480px, (min-width: 481px) and (max-width: 980px) 980px, (min-width: 981px) and (max-width: 1280px) 1280px, (min-width: 1281px) 1400px, 100vw\" \/><\/figure>\n\n\n<p>Foto: WFG Kreis Kleve<\/p>\n","protected":false},"excerpt":{"rendered":"<p>Kreis Kleve\/ Geldern.&nbsp;Viele neue Entwicklungen kommen und gehen auch wieder. Bei \u201eESG\u201c und der Berichtspflicht f\u00fcr Unternehmen wird es nicht so sein, denn \u201eEnvironmental, Social and Governance\u201c wird zu einem zentralen Baustein unternehmerischen Handelns. Waren bislang vor allem betriebswirtschaftliche Kennzahlen f\u00fcr das Rating ma\u00dfgebend, so r\u00fccken zuk\u00fcnftig Aspekte aus den Bereichen Umwelt, Soziales und Unternehmensf\u00fchrung [&hellip;]<\/p>\n","protected":false},"author":3,"featured_media":3904,"comment_status":"open","ping_status":"open","sticky":false,"template":"","format":"standard","meta":{"_et_pb_use_builder":"","_et_pb_old_content":"","_et_gb_content_width":"","footnotes":""},"categories":[1],"tags":[],"class_list":["post-3903","post","type-post","status-publish","format-standard","has-post-thumbnail","hentry","category-allgemein"],"_links":{"self":[{"href":"https:\/\/standort-niederrhein.de\/en\/wp-json\/wp\/v2\/posts\/3903","targetHints":{"allow":["GET"]}}],"collection":[{"href":"https:\/\/standort-niederrhein.de\/en\/wp-json\/wp\/v2\/posts"}],"about":[{"href":"https:\/\/standort-niederrhein.de\/en\/wp-json\/wp\/v2\/types\/post"}],"author":[{"embeddable":true,"href":"https:\/\/standort-niederrhein.de\/en\/wp-json\/wp\/v2\/users\/3"}],"replies":[{"embeddable":true,"href":"https:\/\/standort-niederrhein.de\/en\/wp-json\/wp\/v2\/comments?post=3903"}],"version-history":[{"count":1,"href":"https:\/\/standort-niederrhein.de\/en\/wp-json\/wp\/v2\/posts\/3903\/revisions"}],"predecessor-version":[{"id":3905,"href":"https:\/\/standort-niederrhein.de\/en\/wp-json\/wp\/v2\/posts\/3903\/revisions\/3905"}],"wp:featuredmedia":[{"embeddable":true,"href":"https:\/\/standort-niederrhein.de\/en\/wp-json\/wp\/v2\/media\/3904"}],"wp:attachment":[{"href":"https:\/\/standort-niederrhein.de\/en\/wp-json\/wp\/v2\/media?parent=3903"}],"wp:term":[{"taxonomy":"category","embeddable":true,"href":"https:\/\/standort-niederrhein.de\/en\/wp-json\/wp\/v2\/categories?post=3903"},{"taxonomy":"post_tag","embeddable":true,"href":"https:\/\/standort-niederrhein.de\/en\/wp-json\/wp\/v2\/tags?post=3903"}],"curies":[{"name":"wp","href":"https:\/\/api.w.org\/{rel}","templated":true}]}}