{"id":3898,"date":"2024-04-08T06:00:00","date_gmt":"2024-04-08T04:00:00","guid":{"rendered":"https:\/\/dev.invest-in-niederrhein.de\/?p=3898"},"modified":"2024-04-19T12:23:31","modified_gmt":"2024-04-19T10:23:31","slug":"uerdingen-im-fokus-videoclip-stellt-grossprojekte-vor","status":"publish","type":"post","link":"https:\/\/standort-niederrhein.de\/en\/2024\/04\/08\/uerdingen-im-fokus-videoclip-stellt-grossprojekte-vor\/","title":{"rendered":"Uerdingen im Fokus: Videoclip stellt Gro\u00dfprojekte vor"},"content":{"rendered":"\n<p><strong>Krefeld.<\/strong>&nbsp;Die Stadt Krefeld hat jetzt einen rund achtmin\u00fctigen <a href=\"https:\/\/youtu.be\/2899U5vl3kg\" target=\"_blank\" rel=\"noreferrer noopener\">Videoclip<\/a> ver\u00f6ffentlicht, der insgesamt neun Gro\u00dfbauma\u00dfnahmen in Krefeld-Uerdingen vorstellt, die hier in den n\u00e4chsten Jahren umgesetzt werden. Unter dem Titel \u201eUerdingen im Fokus &#8211; Gro\u00dfprojekte und Stadtumbau &#8211; wie geht es weiter?&#8221; taucht der Zuschauer in lebensnahe Animationen der neuen Bauwerke ein und erf\u00e4hrt \u00fcber O-T\u00f6ne, wie sich der Charakter des Ortes am Rhein zuk\u00fcnftig weiter pr\u00e4gen wird. \u201eUerdingen wird sich ver\u00e4ndern und das zum Guten &#8211; wir freuen uns, dass wir der alten Stube noch einmal neuen Glanz verleihen k\u00f6nnen&#8221;, er\u00f6ffnet Planungsdezernent Marcus Beyer den Clip. Die neun Projekte teilen sich in Privatinvestitionen und st\u00e4dtische Ma\u00dfnahmen, die durch Gelder aus der St\u00e4dtebauf\u00f6rderung erm\u00f6glicht werden.&nbsp;<\/p>\n\n\n\n<p>Das erste Projekt, das durch Animationen vorgestellt wird, ist die Sanierung der Herberzh\u00e4user. Noch in diesem Jahr wird hier der aufwendige Umbau zu einem Quartierszentrum beginnen. Auf der Alten Krefelder Stra\u00dfe sollen zuk\u00fcnftig bessere Bedingungen f\u00fcr Radfahrer und Fu\u00dfg\u00e4nger entstehen. Diese Ma\u00dfnahme identifizieren die Stadtplaner als zweites gro\u00dfes Projekt. In 2025\/2026 sollen der Kirchplatz und die Nebengassen aufgewertet werden. Ziel ist es, die Aufenthaltsqualit\u00e4t in den Gassen zu erh\u00f6hen und sie zur\u00fcck zu ihrer historischen Bedeutung zu f\u00fchren. Das vierte Projekt, das der Clip zeigt, ist die Umgestaltung der Kronenstra\u00dfe &#8211; die vorgeschalteten Kanalarbeiten haben bereits begonnen. Vom Rheintor bis hin zum Zollhof entsteht ein verkehrsberuhigter Bereich. Das Projekt h\u00e4ngt eng mit der Umgestaltung des Uerdinger Werfts zusammen. Die gesamte Fl\u00e4che am Rhein soll neugestaltet werden.<\/p>\n\n\n\n<p>Die Umsetzung ist nach Abschluss des Rheinblicks geplant &#8211; das private Projekt wird an siebter Stelle vorgestellt. Zwei Investoren planen in prominenter Lage die Entstehung eines neuen Quartiers mit unter anderem Wohnraum. Ebenso aus privater Hand entsteht ab 2027 auf dem ehemaligen Babcock-Gel\u00e4nde an der Parkstra\u00dfe Neues. Die Wohnst\u00e4tte plant hier eine neue Wohnbausiedlung. Das letzte Projekt, das der Film zeigt, ist die Neuentstehung einer Notaufnahme am Helios St. Josefshospital in Uerdingen.<\/p>\n\n\n\n<p>Quelle: <a href=\"https:\/\/www.krefeld.de\/de\/inhalt\/uerdingen-im-fokus-videoclip-stellt-grossprojekte-vor\/\" target=\"_blank\" rel=\"noreferrer noopener\">Stadt Krefeld<\/a><\/p>\n","protected":false},"excerpt":{"rendered":"<p>Krefeld.&nbsp;Die Stadt Krefeld hat jetzt einen rund achtmin\u00fctigen Videoclip ver\u00f6ffentlicht, der insgesamt neun Gro\u00dfbauma\u00dfnahmen in Krefeld-Uerdingen vorstellt, die hier in den n\u00e4chsten Jahren umgesetzt werden. Unter dem Titel \u201eUerdingen im Fokus &#8211; Gro\u00dfprojekte und Stadtumbau &#8211; wie geht es weiter?&#8221; taucht der Zuschauer in lebensnahe Animationen der neuen Bauwerke ein und erf\u00e4hrt \u00fcber O-T\u00f6ne, wie [&hellip;]<\/p>\n","protected":false},"author":3,"featured_media":0,"comment_status":"open","ping_status":"open","sticky":false,"template":"","format":"standard","meta":{"_et_pb_use_builder":"","_et_pb_old_content":"","_et_gb_content_width":"","footnotes":""},"categories":[1],"tags":[],"class_list":["post-3898","post","type-post","status-publish","format-standard","hentry","category-allgemein"],"_links":{"self":[{"href":"https:\/\/standort-niederrhein.de\/en\/wp-json\/wp\/v2\/posts\/3898","targetHints":{"allow":["GET"]}}],"collection":[{"href":"https:\/\/standort-niederrhein.de\/en\/wp-json\/wp\/v2\/posts"}],"about":[{"href":"https:\/\/standort-niederrhein.de\/en\/wp-json\/wp\/v2\/types\/post"}],"author":[{"embeddable":true,"href":"https:\/\/standort-niederrhein.de\/en\/wp-json\/wp\/v2\/users\/3"}],"replies":[{"embeddable":true,"href":"https:\/\/standort-niederrhein.de\/en\/wp-json\/wp\/v2\/comments?post=3898"}],"version-history":[{"count":1,"href":"https:\/\/standort-niederrhein.de\/en\/wp-json\/wp\/v2\/posts\/3898\/revisions"}],"predecessor-version":[{"id":3899,"href":"https:\/\/standort-niederrhein.de\/en\/wp-json\/wp\/v2\/posts\/3898\/revisions\/3899"}],"wp:attachment":[{"href":"https:\/\/standort-niederrhein.de\/en\/wp-json\/wp\/v2\/media?parent=3898"}],"wp:term":[{"taxonomy":"category","embeddable":true,"href":"https:\/\/standort-niederrhein.de\/en\/wp-json\/wp\/v2\/categories?post=3898"},{"taxonomy":"post_tag","embeddable":true,"href":"https:\/\/standort-niederrhein.de\/en\/wp-json\/wp\/v2\/tags?post=3898"}],"curies":[{"name":"wp","href":"https:\/\/api.w.org\/{rel}","templated":true}]}}